{"id":7988,"date":"2026-04-30T07:41:05","date_gmt":"2026-04-30T05:41:05","guid":{"rendered":"https:\/\/www.matyasnovak.eu\/?p=7988"},"modified":"2026-04-30T07:41:33","modified_gmt":"2026-04-30T05:41:33","slug":"klavirni-vikend-s-matyasem-novakem-32","status":"publish","type":"post","link":"https:\/\/www.matyasnovak.eu\/en\/koncerty\/klavirni-vikend-s-matyasem-novakem-32\/","title":{"rendered":"Klav\u00edrn\u00ed v\u00edkend s Maty\u00e1\u0161em Nov\u00e1kem"},"content":{"rendered":"<p>Mil\u00ed kolegov\u00e9 klav\u00edrist\u00e9,<\/p>\n\n\n\n<p>ur\u010dit\u011b u\u017e jste sly\u0161eli v\u011btu: Kdo si hraje, nezlob\u00ed. V m\u00e9m p\u0159\u00edpad\u011b toto tvrzen\u00ed platilo ji\u017e od d\u011btstv\u00ed. U\u017e jako mal\u00fd jsem si hr\u00e1l tak, \u017ee jsem hr\u00e1l. A stejn\u011b jako vy jsem zjistil, \u017ee&nbsp;hr\u00e1t na klav\u00edr je b\u00e1je\u010dn\u00e1 v\u011bc a kdy\u017e se poda\u0159\u00ed interpretovat skladbu tak, jak jsme si p\u0159edstavovali, je to velk\u00e1 radost. V\u0161ichni, kte\u0159\u00ed se hran\u00ed na n\u00e1stroj v\u011bnujeme, v\u00edme, \u017ee aby to na p\u00f3diu vypadalo jako \u201e\u017ee to nic nen\u00ed\u201c, stoj\u00ed to hodn\u011b \u010dasu a \u00fasil\u00ed. B\u011bhem p\u0159\u00edpravy to naopak \u010dasto vypad\u00e1, \u017ee \u201eto nep\u016fjde\u201c. My interpreti samoz\u0159ejm\u011b v\u00edme, \u017ee kdy\u017e se nenech\u00e1me odradit, v\u0161e se v dobr\u00e9 obr\u00e1t\u00ed. A my, kte\u0159\u00ed hrajeme opravdu mnoho let, postupn\u011b p\u0159ich\u00e1z\u00edme na f\u00edgle a triky, kter\u00e9 n\u00e1m n\u00e1cvik skladeb usnad\u0148uj\u00ed. Na n\u011bkter\u00e9 u\u017e jste ur\u010dit\u011b p\u0159i\u0161li sami, nebo v\u00e1m je poradila va\u0161e pan\u00ed u\u010ditelka \u010di pan u\u010ditel, o dal\u0161\u00ed se s v\u00e1mi r\u00e1d pod\u011bl\u00edm, pokud p\u0159ijdete 28. \u00fanora a 1. b\u0159ezna 2026 do Divi\u0161ovy vily v P\u0159elou\u010di, kde se bude ji\u017e \u010dtvrt\u00fdm rokem konat akce zvan\u00e1 Klav\u00edrn\u00ed v\u00edkend. Nez\u00e1le\u017e\u00ed na v\u011bku ani pokro\u010dilosti, d\u016fle\u017eit\u00e9 je nad\u0161en\u00ed a ochota vyzkou\u0161et n\u011bco nov\u00e9ho.\ud83d\ude42<\/p>\n\n\n\n<p>Co?&nbsp;<\/p>\n\n\n\n<p>Klav\u00edrn\u00ed v\u00edkend<\/p>\n\n\n\n<ul class=\"wp-block-list\">\n<li>1 \u2013 2 hodiny v\u00fduky (dle dohody)<\/li>\n\n\n\n<li>pasivn\u00ed \u00fa\u010dast mo\u017en\u00e1<\/li>\n<\/ul>\n\n\n\n<p>Kde?<\/p>\n\n\n\n<p>Divi\u0161ova vila, N\u00e1dra\u017en\u00ed 192, P\u0159elou\u010d<\/p>\n\n\n\n<ul class=\"wp-block-list\">\n<li>Jedna z nejv\u00fdznamn\u011bj\u0161\u00edch architektonick\u00fdch staveb P\u0159elou\u010de byla postavena v letech 1905 a\u017e 1907 v novobarokn\u00edm slohu podle n\u00e1vrhu architekta Rudolfa K\u0159\u00ed\u017eeneck\u00e9ho pro zdej\u0161\u00edho \u0159editele cukrovaru\u00a0a starostu m\u011bsta\u00a0<a href=\"https:\/\/cs.wikipedia.org\/wiki\/Jan_Vincenc_Divi%C5%A1\">J<\/a>ana Vincence Divi\u0161e. Od roku 1958 je objekt kulturn\u00ed pam\u00e1tkou. Vila se nach\u00e1z\u00ed v bezprost\u0159edn\u00ed bl\u00edzkosti vlakov\u00e9ho n\u00e1dra\u017e\u00ed, v are\u00e1lu je mo\u017en\u00e9 zaparkovat.<\/li>\n<\/ul>\n\n\n\n<p>Kdy?<\/p>\n\n\n\n<p>27. a 28. \u010dervna 2026 &nbsp;<\/p>\n\n\n\n<ul class=\"wp-block-list\">\n<li>P\u0159esn\u00fd harmonogram bude uzp\u016fsoben jednotliv\u00fdm z\u00e1jemc\u016fm podle toho, jak a odkud budou p\u0159ij\u00ed\u017ed\u011bt. S vyhled\u00e1n\u00edm vlakov\u00e9ho spojen\u00ed z kter\u00e9hokoli m\u00edsta \u010cR r\u00e1d porad\u00edm.\ud83d\ude0a<\/li>\n<\/ul>\n\n\n\n<p><br>P\u0159ihla\u0161ovac\u00ed formul\u00e1\u0159 se zobraz\u00ed po kliknut\u00ed na tla\u010d\u00edtko Vstupenka.<\/p>\n\n\n\n<p><em>,,U\u010den\u00ed samo m\u00e1 b\u00fdti mil\u00e9 a lib\u00e9 a nem\u00e1 se jinak d\u00edti, ne\u017e jako hra a kratochv\u00edle.<\/em><\/p>\n\n\n\n<p>Jan \u00c1mos Komensk\u00fd<\/p>","protected":false},"excerpt":{"rendered":"<p>Mil\u00ed kolegov\u00e9 klav\u00edrist\u00e9, ur\u010dit\u011b u\u017e jste sly\u0161eli v\u011btu: Kdo si hraje, nezlob\u00ed. V m\u00e9m p\u0159\u00edpad\u011b toto tvrzen\u00ed platilo ji\u017e od d\u011btstv\u00ed. U\u017e jako mal\u00fd jsem si hr\u00e1l tak, \u017ee jsem hr\u00e1l. A stejn\u011b jako vy jsem zjistil, \u017ee&nbsp;hr\u00e1t na klav\u00edr je b\u00e1je\u010dn\u00e1 v\u011bc a kdy\u017e se poda\u0159\u00ed interpretovat skladbu tak, jak jsme si p\u0159edstavovali, je [&hellip;]<\/p>\n","protected":false},"author":2,"featured_media":3193,"comment_status":"closed","ping_status":"closed","sticky":false,"template":"","format":"standard","meta":{"_acf_changed":false,"footnotes":""},"categories":[120],"tags":[],"class_list":["post-7988","post","type-post","status-publish","format-standard","has-post-thumbnail","hentry","category-koncerty"],"acf":[],"yoast_head":"<!-- This site is optimized with the Yoast SEO plugin v27.4 - https:\/\/yoast.com\/product\/yoast-seo-wordpress\/ -->\n<title>Klav\u00edrn\u00ed v\u00edkend s Maty\u00e1\u0161em Nov\u00e1kem ~ Maty\u00e1\u0161 Nov\u00e1k<\/title>\n<meta name=\"robots\" content=\"index, follow, max-snippet:-1, max-image-preview:large, max-video-preview:-1\" \/>\n<link rel=\"canonical\" href=\"https:\/\/www.matyasnovak.eu\/en\/koncerty\/klavirni-vikend-s-matyasem-novakem-32\/\" \/>\n<meta property=\"og:locale\" content=\"en_GB\" \/>\n<meta property=\"og:type\" content=\"article\" \/>\n<meta property=\"og:title\" content=\"Klav\u00edrn\u00ed v\u00edkend s Maty\u00e1\u0161em Nov\u00e1kem ~ Maty\u00e1\u0161 Nov\u00e1k\" \/>\n<meta property=\"og:description\" content=\"Mil\u00ed kolegov\u00e9 klav\u00edrist\u00e9, ur\u010dit\u011b u\u017e jste sly\u0161eli v\u011btu: Kdo si hraje, nezlob\u00ed. V m\u00e9m p\u0159\u00edpad\u011b toto tvrzen\u00ed platilo ji\u017e od d\u011btstv\u00ed. U\u017e jako mal\u00fd jsem si hr\u00e1l tak, \u017ee jsem hr\u00e1l. A stejn\u011b jako vy jsem zjistil, \u017ee&nbsp;hr\u00e1t na klav\u00edr je b\u00e1je\u010dn\u00e1 v\u011bc a kdy\u017e se poda\u0159\u00ed interpretovat skladbu tak, jak jsme si p\u0159edstavovali, je [&hellip;]\" \/>\n<meta property=\"og:url\" content=\"https:\/\/www.matyasnovak.eu\/en\/koncerty\/klavirni-vikend-s-matyasem-novakem-32\/\" \/>\n<meta property=\"og:site_name\" content=\"Maty\u00e1\u0161 Nov\u00e1k\" \/>\n<meta property=\"article:publisher\" content=\"https:\/\/www.facebook.com\/matyasnovakpianist\/\" \/>\n<meta property=\"article:author\" content=\"https:\/\/www.facebook.com\/matyasnovakpianist\/\" \/>\n<meta property=\"article:published_time\" content=\"2026-04-30T05:41:05+00:00\" \/>\n<meta property=\"article:modified_time\" content=\"2026-04-30T05:41:33+00:00\" \/>\n<meta property=\"og:image\" content=\"https:\/\/www.matyasnovak.eu\/wp-content\/uploads\/2023\/04\/klavirni-vikend-s-matyasem-novakem-klavirni-kurzy-a-dalsi-2.jpg\" \/>\n\t<meta property=\"og:image:width\" content=\"800\" \/>\n\t<meta property=\"og:image:height\" content=\"540\" \/>\n\t<meta property=\"og:image:type\" content=\"image\/jpeg\" \/>\n<meta name=\"author\" content=\"Maty\u00e1\u0161 Nov\u00e1k\" \/>\n<meta name=\"twitter:card\" content=\"summary_large_image\" \/>\n<meta name=\"twitter:label1\" content=\"Written by\" \/>\n\t<meta name=\"twitter:data1\" content=\"Maty\u00e1\u0161 Nov\u00e1k\" \/>\n\t<meta name=\"twitter:label2\" content=\"Estimated reading time\" \/>\n\t<meta name=\"twitter:data2\" content=\"2 minutes\" \/>\n<script type=\"application\/ld+json\" class=\"yoast-schema-graph\">{\"@context\":\"https:\\\/\\\/schema.org\",\"@graph\":[{\"@type\":\"Article\",\"@id\":\"https:\\\/\\\/www.matyasnovak.eu\\\/koncerty\\\/klavirni-vikend-s-matyasem-novakem-32\\\/#article\",\"isPartOf\":{\"@id\":\"https:\\\/\\\/www.matyasnovak.eu\\\/koncerty\\\/klavirni-vikend-s-matyasem-novakem-32\\\/\"},\"author\":{\"name\":\"Maty\u00e1\u0161 Nov\u00e1k\",\"@id\":\"https:\\\/\\\/novakweb2.eu\\\/#\\\/schema\\\/person\\\/3fd5dc2f65072c5a94a64eb54623e857\"},\"headline\":\"Klav\u00edrn\u00ed v\u00edkend s Maty\u00e1\u0161em Nov\u00e1kem\",\"datePublished\":\"2026-04-30T05:41:05+00:00\",\"dateModified\":\"2026-04-30T05:41:33+00:00\",\"mainEntityOfPage\":{\"@id\":\"https:\\\/\\\/www.matyasnovak.eu\\\/koncerty\\\/klavirni-vikend-s-matyasem-novakem-32\\\/\"},\"wordCount\":428,\"publisher\":{\"@id\":\"https:\\\/\\\/novakweb2.eu\\\/#\\\/schema\\\/person\\\/3fd5dc2f65072c5a94a64eb54623e857\"},\"image\":{\"@id\":\"https:\\\/\\\/www.matyasnovak.eu\\\/koncerty\\\/klavirni-vikend-s-matyasem-novakem-32\\\/#primaryimage\"},\"thumbnailUrl\":\"https:\\\/\\\/www.matyasnovak.eu\\\/wp-content\\\/uploads\\\/2023\\\/04\\\/klavirni-vikend-s-matyasem-novakem-klavirni-kurzy-a-dalsi-2.jpg\",\"articleSection\":[\"Koncerty\"],\"inLanguage\":\"en-GB\"},{\"@type\":\"WebPage\",\"@id\":\"https:\\\/\\\/www.matyasnovak.eu\\\/koncerty\\\/klavirni-vikend-s-matyasem-novakem-32\\\/\",\"url\":\"https:\\\/\\\/www.matyasnovak.eu\\\/koncerty\\\/klavirni-vikend-s-matyasem-novakem-32\\\/\",\"name\":\"Klav\u00edrn\u00ed v\u00edkend s Maty\u00e1\u0161em Nov\u00e1kem ~ Maty\u00e1\u0161 Nov\u00e1k\",\"isPartOf\":{\"@id\":\"https:\\\/\\\/novakweb2.eu\\\/#website\"},\"primaryImageOfPage\":{\"@id\":\"https:\\\/\\\/www.matyasnovak.eu\\\/koncerty\\\/klavirni-vikend-s-matyasem-novakem-32\\\/#primaryimage\"},\"image\":{\"@id\":\"https:\\\/\\\/www.matyasnovak.eu\\\/koncerty\\\/klavirni-vikend-s-matyasem-novakem-32\\\/#primaryimage\"},\"thumbnailUrl\":\"https:\\\/\\\/www.matyasnovak.eu\\\/wp-content\\\/uploads\\\/2023\\\/04\\\/klavirni-vikend-s-matyasem-novakem-klavirni-kurzy-a-dalsi-2.jpg\",\"datePublished\":\"2026-04-30T05:41:05+00:00\",\"dateModified\":\"2026-04-30T05:41:33+00:00\",\"breadcrumb\":{\"@id\":\"https:\\\/\\\/www.matyasnovak.eu\\\/koncerty\\\/klavirni-vikend-s-matyasem-novakem-32\\\/#breadcrumb\"},\"inLanguage\":\"en-GB\",\"potentialAction\":[{\"@type\":\"ReadAction\",\"target\":[\"https:\\\/\\\/www.matyasnovak.eu\\\/koncerty\\\/klavirni-vikend-s-matyasem-novakem-32\\\/\"]}]},{\"@type\":\"ImageObject\",\"inLanguage\":\"en-GB\",\"@id\":\"https:\\\/\\\/www.matyasnovak.eu\\\/koncerty\\\/klavirni-vikend-s-matyasem-novakem-32\\\/#primaryimage\",\"url\":\"https:\\\/\\\/www.matyasnovak.eu\\\/wp-content\\\/uploads\\\/2023\\\/04\\\/klavirni-vikend-s-matyasem-novakem-klavirni-kurzy-a-dalsi-2.jpg\",\"contentUrl\":\"https:\\\/\\\/www.matyasnovak.eu\\\/wp-content\\\/uploads\\\/2023\\\/04\\\/klavirni-vikend-s-matyasem-novakem-klavirni-kurzy-a-dalsi-2.jpg\",\"width\":800,\"height\":540},{\"@type\":\"BreadcrumbList\",\"@id\":\"https:\\\/\\\/www.matyasnovak.eu\\\/koncerty\\\/klavirni-vikend-s-matyasem-novakem-32\\\/#breadcrumb\",\"itemListElement\":[{\"@type\":\"ListItem\",\"position\":1,\"name\":\"Dom\u016f\",\"item\":\"https:\\\/\\\/www.matyasnovak.eu\\\/\"},{\"@type\":\"ListItem\",\"position\":2,\"name\":\"Klav\u00edrn\u00ed v\u00edkend s Maty\u00e1\u0161em Nov\u00e1kem\"}]},{\"@type\":\"WebSite\",\"@id\":\"https:\\\/\\\/novakweb2.eu\\\/#website\",\"url\":\"https:\\\/\\\/novakweb2.eu\\\/\",\"name\":\"Maty\u00e1\u0161 Nov\u00e1k\",\"description\":\"\",\"publisher\":{\"@id\":\"https:\\\/\\\/novakweb2.eu\\\/#\\\/schema\\\/person\\\/3fd5dc2f65072c5a94a64eb54623e857\"},\"potentialAction\":[{\"@type\":\"SearchAction\",\"target\":{\"@type\":\"EntryPoint\",\"urlTemplate\":\"https:\\\/\\\/novakweb2.eu\\\/?s={search_term_string}\"},\"query-input\":{\"@type\":\"PropertyValueSpecification\",\"valueRequired\":true,\"valueName\":\"search_term_string\"}}],\"inLanguage\":\"en-GB\"},{\"@type\":[\"Person\",\"Organization\"],\"@id\":\"https:\\\/\\\/novakweb2.eu\\\/#\\\/schema\\\/person\\\/3fd5dc2f65072c5a94a64eb54623e857\",\"name\":\"Maty\u00e1\u0161 Nov\u00e1k\",\"image\":{\"@type\":\"ImageObject\",\"inLanguage\":\"en-GB\",\"@id\":\"https:\\\/\\\/www.matyasnovak.eu\\\/wp-content\\\/uploads\\\/2023\\\/07\\\/foto-lenka-hatasova7233-scaled-1.webp\",\"url\":\"https:\\\/\\\/www.matyasnovak.eu\\\/wp-content\\\/uploads\\\/2023\\\/07\\\/foto-lenka-hatasova7233-scaled-1.webp\",\"contentUrl\":\"https:\\\/\\\/www.matyasnovak.eu\\\/wp-content\\\/uploads\\\/2023\\\/07\\\/foto-lenka-hatasova7233-scaled-1.webp\",\"width\":1792,\"height\":1194,\"caption\":\"Maty\u00e1\u0161 Nov\u00e1k\"},\"logo\":{\"@id\":\"https:\\\/\\\/www.matyasnovak.eu\\\/wp-content\\\/uploads\\\/2023\\\/07\\\/foto-lenka-hatasova7233-scaled-1.webp\"},\"sameAs\":[\"https:\\\/\\\/www.matyasnovak.eu\\\/\",\"https:\\\/\\\/www.facebook.com\\\/matyasnovakpianist\\\/\",\"https:\\\/\\\/www.youtube.com\\\/@matyasnovakpianist1921\"],\"url\":\"https:\\\/\\\/www.matyasnovak.eu\\\/en\\\/author\\\/novak\\\/\"}]}<\/script>\n<!-- \/ Yoast SEO plugin. -->","yoast_head_json":{"title":"Klav\u00edrn\u00ed v\u00edkend s Maty\u00e1\u0161em Nov\u00e1kem ~ Maty\u00e1\u0161 Nov\u00e1k","robots":{"index":"index","follow":"follow","max-snippet":"max-snippet:-1","max-image-preview":"max-image-preview:large","max-video-preview":"max-video-preview:-1"},"canonical":"https:\/\/www.matyasnovak.eu\/en\/koncerty\/klavirni-vikend-s-matyasem-novakem-32\/","og_locale":"en_GB","og_type":"article","og_title":"Klav\u00edrn\u00ed v\u00edkend s Maty\u00e1\u0161em Nov\u00e1kem ~ Maty\u00e1\u0161 Nov\u00e1k","og_description":"Mil\u00ed kolegov\u00e9 klav\u00edrist\u00e9, ur\u010dit\u011b u\u017e jste sly\u0161eli v\u011btu: Kdo si hraje, nezlob\u00ed. V m\u00e9m p\u0159\u00edpad\u011b toto tvrzen\u00ed platilo ji\u017e od d\u011btstv\u00ed. U\u017e jako mal\u00fd jsem si hr\u00e1l tak, \u017ee jsem hr\u00e1l. A stejn\u011b jako vy jsem zjistil, \u017ee&nbsp;hr\u00e1t na klav\u00edr je b\u00e1je\u010dn\u00e1 v\u011bc a kdy\u017e se poda\u0159\u00ed interpretovat skladbu tak, jak jsme si p\u0159edstavovali, je [&hellip;]","og_url":"https:\/\/www.matyasnovak.eu\/en\/koncerty\/klavirni-vikend-s-matyasem-novakem-32\/","og_site_name":"Maty\u00e1\u0161 Nov\u00e1k","article_publisher":"https:\/\/www.facebook.com\/matyasnovakpianist\/","article_author":"https:\/\/www.facebook.com\/matyasnovakpianist\/","article_published_time":"2026-04-30T05:41:05+00:00","article_modified_time":"2026-04-30T05:41:33+00:00","og_image":[{"width":800,"height":540,"url":"https:\/\/www.matyasnovak.eu\/wp-content\/uploads\/2023\/04\/klavirni-vikend-s-matyasem-novakem-klavirni-kurzy-a-dalsi-2.jpg","type":"image\/jpeg"}],"author":"Maty\u00e1\u0161 Nov\u00e1k","twitter_card":"summary_large_image","twitter_misc":{"Written by":"Maty\u00e1\u0161 Nov\u00e1k","Estimated reading time":"2 minutes"},"schema":{"@context":"https:\/\/schema.org","@graph":[{"@type":"Article","@id":"https:\/\/www.matyasnovak.eu\/koncerty\/klavirni-vikend-s-matyasem-novakem-32\/#article","isPartOf":{"@id":"https:\/\/www.matyasnovak.eu\/koncerty\/klavirni-vikend-s-matyasem-novakem-32\/"},"author":{"name":"Maty\u00e1\u0161 Nov\u00e1k","@id":"https:\/\/novakweb2.eu\/#\/schema\/person\/3fd5dc2f65072c5a94a64eb54623e857"},"headline":"Klav\u00edrn\u00ed v\u00edkend s Maty\u00e1\u0161em Nov\u00e1kem","datePublished":"2026-04-30T05:41:05+00:00","dateModified":"2026-04-30T05:41:33+00:00","mainEntityOfPage":{"@id":"https:\/\/www.matyasnovak.eu\/koncerty\/klavirni-vikend-s-matyasem-novakem-32\/"},"wordCount":428,"publisher":{"@id":"https:\/\/novakweb2.eu\/#\/schema\/person\/3fd5dc2f65072c5a94a64eb54623e857"},"image":{"@id":"https:\/\/www.matyasnovak.eu\/koncerty\/klavirni-vikend-s-matyasem-novakem-32\/#primaryimage"},"thumbnailUrl":"https:\/\/www.matyasnovak.eu\/wp-content\/uploads\/2023\/04\/klavirni-vikend-s-matyasem-novakem-klavirni-kurzy-a-dalsi-2.jpg","articleSection":["Koncerty"],"inLanguage":"en-GB"},{"@type":"WebPage","@id":"https:\/\/www.matyasnovak.eu\/koncerty\/klavirni-vikend-s-matyasem-novakem-32\/","url":"https:\/\/www.matyasnovak.eu\/koncerty\/klavirni-vikend-s-matyasem-novakem-32\/","name":"Klav\u00edrn\u00ed v\u00edkend s Maty\u00e1\u0161em Nov\u00e1kem ~ Maty\u00e1\u0161 Nov\u00e1k","isPartOf":{"@id":"https:\/\/novakweb2.eu\/#website"},"primaryImageOfPage":{"@id":"https:\/\/www.matyasnovak.eu\/koncerty\/klavirni-vikend-s-matyasem-novakem-32\/#primaryimage"},"image":{"@id":"https:\/\/www.matyasnovak.eu\/koncerty\/klavirni-vikend-s-matyasem-novakem-32\/#primaryimage"},"thumbnailUrl":"https:\/\/www.matyasnovak.eu\/wp-content\/uploads\/2023\/04\/klavirni-vikend-s-matyasem-novakem-klavirni-kurzy-a-dalsi-2.jpg","datePublished":"2026-04-30T05:41:05+00:00","dateModified":"2026-04-30T05:41:33+00:00","breadcrumb":{"@id":"https:\/\/www.matyasnovak.eu\/koncerty\/klavirni-vikend-s-matyasem-novakem-32\/#breadcrumb"},"inLanguage":"en-GB","potentialAction":[{"@type":"ReadAction","target":["https:\/\/www.matyasnovak.eu\/koncerty\/klavirni-vikend-s-matyasem-novakem-32\/"]}]},{"@type":"ImageObject","inLanguage":"en-GB","@id":"https:\/\/www.matyasnovak.eu\/koncerty\/klavirni-vikend-s-matyasem-novakem-32\/#primaryimage","url":"https:\/\/www.matyasnovak.eu\/wp-content\/uploads\/2023\/04\/klavirni-vikend-s-matyasem-novakem-klavirni-kurzy-a-dalsi-2.jpg","contentUrl":"https:\/\/www.matyasnovak.eu\/wp-content\/uploads\/2023\/04\/klavirni-vikend-s-matyasem-novakem-klavirni-kurzy-a-dalsi-2.jpg","width":800,"height":540},{"@type":"BreadcrumbList","@id":"https:\/\/www.matyasnovak.eu\/koncerty\/klavirni-vikend-s-matyasem-novakem-32\/#breadcrumb","itemListElement":[{"@type":"ListItem","position":1,"name":"Dom\u016f","item":"https:\/\/www.matyasnovak.eu\/"},{"@type":"ListItem","position":2,"name":"Klav\u00edrn\u00ed v\u00edkend s Maty\u00e1\u0161em Nov\u00e1kem"}]},{"@type":"WebSite","@id":"https:\/\/novakweb2.eu\/#website","url":"https:\/\/novakweb2.eu\/","name":"Maty\u00e1\u0161 Nov\u00e1k","description":"","publisher":{"@id":"https:\/\/novakweb2.eu\/#\/schema\/person\/3fd5dc2f65072c5a94a64eb54623e857"},"potentialAction":[{"@type":"SearchAction","target":{"@type":"EntryPoint","urlTemplate":"https:\/\/novakweb2.eu\/?s={search_term_string}"},"query-input":{"@type":"PropertyValueSpecification","valueRequired":true,"valueName":"search_term_string"}}],"inLanguage":"en-GB"},{"@type":["Person","Organization"],"@id":"https:\/\/novakweb2.eu\/#\/schema\/person\/3fd5dc2f65072c5a94a64eb54623e857","name":"Maty\u00e1\u0161 Nov\u00e1k","image":{"@type":"ImageObject","inLanguage":"en-GB","@id":"https:\/\/www.matyasnovak.eu\/wp-content\/uploads\/2023\/07\/foto-lenka-hatasova7233-scaled-1.webp","url":"https:\/\/www.matyasnovak.eu\/wp-content\/uploads\/2023\/07\/foto-lenka-hatasova7233-scaled-1.webp","contentUrl":"https:\/\/www.matyasnovak.eu\/wp-content\/uploads\/2023\/07\/foto-lenka-hatasova7233-scaled-1.webp","width":1792,"height":1194,"caption":"Maty\u00e1\u0161 Nov\u00e1k"},"logo":{"@id":"https:\/\/www.matyasnovak.eu\/wp-content\/uploads\/2023\/07\/foto-lenka-hatasova7233-scaled-1.webp"},"sameAs":["https:\/\/www.matyasnovak.eu\/","https:\/\/www.facebook.com\/matyasnovakpianist\/","https:\/\/www.youtube.com\/@matyasnovakpianist1921"],"url":"https:\/\/www.matyasnovak.eu\/en\/author\/novak\/"}]}},"_links":{"self":[{"href":"https:\/\/www.matyasnovak.eu\/en\/wp-json\/wp\/v2\/posts\/7988","targetHints":{"allow":["GET"]}}],"collection":[{"href":"https:\/\/www.matyasnovak.eu\/en\/wp-json\/wp\/v2\/posts"}],"about":[{"href":"https:\/\/www.matyasnovak.eu\/en\/wp-json\/wp\/v2\/types\/post"}],"author":[{"embeddable":true,"href":"https:\/\/www.matyasnovak.eu\/en\/wp-json\/wp\/v2\/users\/2"}],"replies":[{"embeddable":true,"href":"https:\/\/www.matyasnovak.eu\/en\/wp-json\/wp\/v2\/comments?post=7988"}],"version-history":[{"count":1,"href":"https:\/\/www.matyasnovak.eu\/en\/wp-json\/wp\/v2\/posts\/7988\/revisions"}],"predecessor-version":[{"id":7989,"href":"https:\/\/www.matyasnovak.eu\/en\/wp-json\/wp\/v2\/posts\/7988\/revisions\/7989"}],"wp:featuredmedia":[{"embeddable":true,"href":"https:\/\/www.matyasnovak.eu\/en\/wp-json\/wp\/v2\/media\/3193"}],"wp:attachment":[{"href":"https:\/\/www.matyasnovak.eu\/en\/wp-json\/wp\/v2\/media?parent=7988"}],"wp:term":[{"taxonomy":"category","embeddable":true,"href":"https:\/\/www.matyasnovak.eu\/en\/wp-json\/wp\/v2\/categories?post=7988"},{"taxonomy":"post_tag","embeddable":true,"href":"https:\/\/www.matyasnovak.eu\/en\/wp-json\/wp\/v2\/tags?post=7988"}],"curies":[{"name":"wp","href":"https:\/\/api.w.org\/{rel}","templated":true}]}}