{"id":7981,"date":"2026-04-30T06:10:07","date_gmt":"2026-04-30T04:10:07","guid":{"rendered":"https:\/\/www.matyasnovak.eu\/?p=7981"},"modified":"2026-04-30T06:10:09","modified_gmt":"2026-04-30T04:10:09","slug":"frantisek-kinsky-a-matyas-novak-mili-moji-lazne-belohrad","status":"publish","type":"post","link":"https:\/\/www.matyasnovak.eu\/en\/koncerty\/frantisek-kinsky-a-matyas-novak-mili-moji-lazne-belohrad\/","title":{"rendered":"Franti\u0161ek Kinsk\u00fd a Maty\u00e1\u0161 Nov\u00e1k \u2013 Mil\u00ed moji\u2026\u00a0L\u00e1zn\u011b B\u011blohrad"},"content":{"rendered":"<p><strong>Komponovan\u00fd po\u0159ad Franti\u0161ka Kinsk\u00e9ho, potomka star\u00e9ho \u010desk\u00e9ho \u0161lechtick\u00e9ho rodu a pr\u016fvodce obl\u00edben\u00fdm seri\u00e1lem Modr\u00e1 krev, a v\u00fdjime\u010dn\u00e9ho klav\u00edristy Maty\u00e1\u0161e Nov\u00e1ka, v\u00edt\u011bze \u0159ady dom\u00e1c\u00edch i sv\u011btov\u00fdch sout\u011b\u017e\u00ed, kombinuje skladby Anton\u00edna Dvo\u0159\u00e1ka, Josefa Suka, Leo\u0161e Jan\u00e1\u010dka a Bed\u0159icha Smetany s v\u00fdb\u011brem z korespondence Anton\u00edna Dvo\u0159\u00e1ka s t\u011bmito osobnostmi, kter\u00e9 p\u0159ednese Franti\u0161ek Kinsk\u00fd.<\/strong>&nbsp;<strong>Koncert se uskute\u010dn\u00ed v r\u00e1mci jubilejn\u00edho 70. ro\u010dn\u00edku Dvo\u0159\u00e1kova festivalu.<\/strong><\/p>\n\n\n\n<p><strong>\u00fa\u010dinkuj\u00ed:<\/strong><br>Franti\u0161ek Kinsk\u00fd \u2013 mluven\u00e9 slovo<br>Maty\u00e1\u0161 Nov\u00e1k \u2013 klav\u00edr<\/p>\n\n\n\n<p><strong>program:<\/strong><br>Anton\u00edn Dvo\u0159\u00e1k \u2013 Poetick\u00e9 n\u00e1lady op. 85 B 161\/ \u010d. 7 \u201eFuriant\u201c a \u010d. 8 \u201eRej sk\u0159\u00edtk\u016f\u201c<br>Anton\u00edn Dvo\u0159\u00e1k \/ Maty\u00e1\u0161 Nov\u00e1k \u2013 Fantazie na operu Rusalka<br>Josef Suk \u2013 Klav\u00edrn\u00ed skladby op. 7 \/ \u010d. 1 \u201eP\u00edse\u0148 l\u00e1sky\u201c<br>Josef Suk \u2013 Klav\u00edrn\u00ed skladby op. 7 \/ \u010d. 4 \u201eIdylky\u201c<br>Leo\u0161 Jan\u00e1\u010dek \u2013 Son\u00e1ta 1. X. 1905 \u201eZ ulice\u201c<br>Bed\u0159ich Smetana \/ Jind\u0159ich K\u00e0an z Albest\u016f \u2013 Vltava<\/p>\n\n\n\n<p><\/p>","protected":false},"excerpt":{"rendered":"<p>Komponovan\u00fd po\u0159ad Franti\u0161ka Kinsk\u00e9ho, potomka star\u00e9ho \u010desk\u00e9ho \u0161lechtick\u00e9ho rodu a pr\u016fvodce obl\u00edben\u00fdm seri\u00e1lem Modr\u00e1 krev, a v\u00fdjime\u010dn\u00e9ho klav\u00edristy Maty\u00e1\u0161e Nov\u00e1ka, v\u00edt\u011bze \u0159ady dom\u00e1c\u00edch i sv\u011btov\u00fdch sout\u011b\u017e\u00ed, kombinuje skladby Anton\u00edna Dvo\u0159\u00e1ka, Josefa Suka, Leo\u0161e Jan\u00e1\u010dka a Bed\u0159icha Smetany s v\u00fdb\u011brem z korespondence Anton\u00edna Dvo\u0159\u00e1ka s t\u011bmito osobnostmi, kter\u00e9 p\u0159ednese Franti\u0161ek Kinsk\u00fd.&nbsp;Koncert se uskute\u010dn\u00ed v r\u00e1mci jubilejn\u00edho [&hellip;]<\/p>\n","protected":false},"author":2,"featured_media":7328,"comment_status":"closed","ping_status":"closed","sticky":false,"template":"","format":"standard","meta":{"_acf_changed":false,"footnotes":""},"categories":[120],"tags":[],"class_list":["post-7981","post","type-post","status-publish","format-standard","has-post-thumbnail","hentry","category-koncerty"],"acf":[],"yoast_head":"<!-- This site is optimized with the Yoast SEO plugin v27.4 - https:\/\/yoast.com\/product\/yoast-seo-wordpress\/ -->\n<title>Franti\u0161ek Kinsk\u00fd a Maty\u00e1\u0161 Nov\u00e1k \u2013 Mil\u00ed moji\u2026\u00a0L\u00e1zn\u011b B\u011blohrad ~ Maty\u00e1\u0161 Nov\u00e1k<\/title>\n<meta name=\"robots\" content=\"index, follow, max-snippet:-1, max-image-preview:large, max-video-preview:-1\" \/>\n<link rel=\"canonical\" href=\"https:\/\/www.matyasnovak.eu\/en\/koncerty\/frantisek-kinsky-a-matyas-novak-mili-moji-lazne-belohrad\/\" \/>\n<meta property=\"og:locale\" content=\"en_GB\" \/>\n<meta property=\"og:type\" content=\"article\" \/>\n<meta property=\"og:title\" content=\"Franti\u0161ek Kinsk\u00fd a Maty\u00e1\u0161 Nov\u00e1k \u2013 Mil\u00ed moji\u2026\u00a0L\u00e1zn\u011b B\u011blohrad ~ Maty\u00e1\u0161 Nov\u00e1k\" \/>\n<meta property=\"og:description\" content=\"Komponovan\u00fd po\u0159ad Franti\u0161ka Kinsk\u00e9ho, potomka star\u00e9ho \u010desk\u00e9ho \u0161lechtick\u00e9ho rodu a pr\u016fvodce obl\u00edben\u00fdm seri\u00e1lem Modr\u00e1 krev, a v\u00fdjime\u010dn\u00e9ho klav\u00edristy Maty\u00e1\u0161e Nov\u00e1ka, v\u00edt\u011bze \u0159ady dom\u00e1c\u00edch i sv\u011btov\u00fdch sout\u011b\u017e\u00ed, kombinuje skladby Anton\u00edna Dvo\u0159\u00e1ka, Josefa Suka, Leo\u0161e Jan\u00e1\u010dka a Bed\u0159icha Smetany s v\u00fdb\u011brem z korespondence Anton\u00edna Dvo\u0159\u00e1ka s t\u011bmito osobnostmi, kter\u00e9 p\u0159ednese Franti\u0161ek Kinsk\u00fd.&nbsp;Koncert se uskute\u010dn\u00ed v r\u00e1mci jubilejn\u00edho [&hellip;]\" \/>\n<meta property=\"og:url\" content=\"https:\/\/www.matyasnovak.eu\/en\/koncerty\/frantisek-kinsky-a-matyas-novak-mili-moji-lazne-belohrad\/\" \/>\n<meta property=\"og:site_name\" content=\"Maty\u00e1\u0161 Nov\u00e1k\" \/>\n<meta property=\"article:publisher\" content=\"https:\/\/www.facebook.com\/matyasnovakpianist\/\" \/>\n<meta property=\"article:author\" content=\"https:\/\/www.facebook.com\/matyasnovakpianist\/\" \/>\n<meta property=\"article:published_time\" content=\"2026-04-30T04:10:07+00:00\" \/>\n<meta property=\"article:modified_time\" content=\"2026-04-30T04:10:09+00:00\" \/>\n<meta property=\"og:image\" content=\"https:\/\/www.matyasnovak.eu\/wp-content\/uploads\/2024\/08\/mili-moji-09-min.jpg\" \/>\n\t<meta property=\"og:image:width\" content=\"1201\" \/>\n\t<meta property=\"og:image:height\" content=\"1201\" \/>\n\t<meta property=\"og:image:type\" content=\"image\/jpeg\" \/>\n<meta name=\"author\" content=\"Maty\u00e1\u0161 Nov\u00e1k\" \/>\n<meta name=\"twitter:card\" content=\"summary_large_image\" \/>\n<meta name=\"twitter:label1\" content=\"Written by\" \/>\n\t<meta name=\"twitter:data1\" content=\"Maty\u00e1\u0161 Nov\u00e1k\" \/>\n\t<meta name=\"twitter:label2\" content=\"Estimated reading time\" \/>\n\t<meta name=\"twitter:data2\" content=\"1 minute\" \/>\n<script type=\"application\/ld+json\" class=\"yoast-schema-graph\">{\"@context\":\"https:\\\/\\\/schema.org\",\"@graph\":[{\"@type\":\"Article\",\"@id\":\"https:\\\/\\\/www.matyasnovak.eu\\\/koncerty\\\/frantisek-kinsky-a-matyas-novak-mili-moji-lazne-belohrad\\\/#article\",\"isPartOf\":{\"@id\":\"https:\\\/\\\/www.matyasnovak.eu\\\/koncerty\\\/frantisek-kinsky-a-matyas-novak-mili-moji-lazne-belohrad\\\/\"},\"author\":{\"name\":\"Maty\u00e1\u0161 Nov\u00e1k\",\"@id\":\"https:\\\/\\\/novakweb2.eu\\\/#\\\/schema\\\/person\\\/3fd5dc2f65072c5a94a64eb54623e857\"},\"headline\":\"Franti\u0161ek Kinsk\u00fd a Maty\u00e1\u0161 Nov\u00e1k \u2013 Mil\u00ed moji\u2026\u00a0L\u00e1zn\u011b B\u011blohrad\",\"datePublished\":\"2026-04-30T04:10:07+00:00\",\"dateModified\":\"2026-04-30T04:10:09+00:00\",\"mainEntityOfPage\":{\"@id\":\"https:\\\/\\\/www.matyasnovak.eu\\\/koncerty\\\/frantisek-kinsky-a-matyas-novak-mili-moji-lazne-belohrad\\\/\"},\"wordCount\":183,\"publisher\":{\"@id\":\"https:\\\/\\\/novakweb2.eu\\\/#\\\/schema\\\/person\\\/3fd5dc2f65072c5a94a64eb54623e857\"},\"image\":{\"@id\":\"https:\\\/\\\/www.matyasnovak.eu\\\/koncerty\\\/frantisek-kinsky-a-matyas-novak-mili-moji-lazne-belohrad\\\/#primaryimage\"},\"thumbnailUrl\":\"https:\\\/\\\/www.matyasnovak.eu\\\/wp-content\\\/uploads\\\/2024\\\/08\\\/mili-moji-09-min.jpg\",\"articleSection\":[\"Koncerty\"],\"inLanguage\":\"en-GB\"},{\"@type\":\"WebPage\",\"@id\":\"https:\\\/\\\/www.matyasnovak.eu\\\/koncerty\\\/frantisek-kinsky-a-matyas-novak-mili-moji-lazne-belohrad\\\/\",\"url\":\"https:\\\/\\\/www.matyasnovak.eu\\\/koncerty\\\/frantisek-kinsky-a-matyas-novak-mili-moji-lazne-belohrad\\\/\",\"name\":\"Franti\u0161ek Kinsk\u00fd a Maty\u00e1\u0161 Nov\u00e1k \u2013 Mil\u00ed moji\u2026\u00a0L\u00e1zn\u011b B\u011blohrad ~ Maty\u00e1\u0161 Nov\u00e1k\",\"isPartOf\":{\"@id\":\"https:\\\/\\\/novakweb2.eu\\\/#website\"},\"primaryImageOfPage\":{\"@id\":\"https:\\\/\\\/www.matyasnovak.eu\\\/koncerty\\\/frantisek-kinsky-a-matyas-novak-mili-moji-lazne-belohrad\\\/#primaryimage\"},\"image\":{\"@id\":\"https:\\\/\\\/www.matyasnovak.eu\\\/koncerty\\\/frantisek-kinsky-a-matyas-novak-mili-moji-lazne-belohrad\\\/#primaryimage\"},\"thumbnailUrl\":\"https:\\\/\\\/www.matyasnovak.eu\\\/wp-content\\\/uploads\\\/2024\\\/08\\\/mili-moji-09-min.jpg\",\"datePublished\":\"2026-04-30T04:10:07+00:00\",\"dateModified\":\"2026-04-30T04:10:09+00:00\",\"breadcrumb\":{\"@id\":\"https:\\\/\\\/www.matyasnovak.eu\\\/koncerty\\\/frantisek-kinsky-a-matyas-novak-mili-moji-lazne-belohrad\\\/#breadcrumb\"},\"inLanguage\":\"en-GB\",\"potentialAction\":[{\"@type\":\"ReadAction\",\"target\":[\"https:\\\/\\\/www.matyasnovak.eu\\\/koncerty\\\/frantisek-kinsky-a-matyas-novak-mili-moji-lazne-belohrad\\\/\"]}]},{\"@type\":\"ImageObject\",\"inLanguage\":\"en-GB\",\"@id\":\"https:\\\/\\\/www.matyasnovak.eu\\\/koncerty\\\/frantisek-kinsky-a-matyas-novak-mili-moji-lazne-belohrad\\\/#primaryimage\",\"url\":\"https:\\\/\\\/www.matyasnovak.eu\\\/wp-content\\\/uploads\\\/2024\\\/08\\\/mili-moji-09-min.jpg\",\"contentUrl\":\"https:\\\/\\\/www.matyasnovak.eu\\\/wp-content\\\/uploads\\\/2024\\\/08\\\/mili-moji-09-min.jpg\",\"width\":1201,\"height\":1201},{\"@type\":\"BreadcrumbList\",\"@id\":\"https:\\\/\\\/www.matyasnovak.eu\\\/koncerty\\\/frantisek-kinsky-a-matyas-novak-mili-moji-lazne-belohrad\\\/#breadcrumb\",\"itemListElement\":[{\"@type\":\"ListItem\",\"position\":1,\"name\":\"Dom\u016f\",\"item\":\"https:\\\/\\\/www.matyasnovak.eu\\\/\"},{\"@type\":\"ListItem\",\"position\":2,\"name\":\"Franti\u0161ek Kinsk\u00fd a Maty\u00e1\u0161 Nov\u00e1k \u2013 Mil\u00ed moji\u2026\u00a0L\u00e1zn\u011b B\u011blohrad\"}]},{\"@type\":\"WebSite\",\"@id\":\"https:\\\/\\\/novakweb2.eu\\\/#website\",\"url\":\"https:\\\/\\\/novakweb2.eu\\\/\",\"name\":\"Maty\u00e1\u0161 Nov\u00e1k\",\"description\":\"\",\"publisher\":{\"@id\":\"https:\\\/\\\/novakweb2.eu\\\/#\\\/schema\\\/person\\\/3fd5dc2f65072c5a94a64eb54623e857\"},\"potentialAction\":[{\"@type\":\"SearchAction\",\"target\":{\"@type\":\"EntryPoint\",\"urlTemplate\":\"https:\\\/\\\/novakweb2.eu\\\/?s={search_term_string}\"},\"query-input\":{\"@type\":\"PropertyValueSpecification\",\"valueRequired\":true,\"valueName\":\"search_term_string\"}}],\"inLanguage\":\"en-GB\"},{\"@type\":[\"Person\",\"Organization\"],\"@id\":\"https:\\\/\\\/novakweb2.eu\\\/#\\\/schema\\\/person\\\/3fd5dc2f65072c5a94a64eb54623e857\",\"name\":\"Maty\u00e1\u0161 Nov\u00e1k\",\"image\":{\"@type\":\"ImageObject\",\"inLanguage\":\"en-GB\",\"@id\":\"https:\\\/\\\/www.matyasnovak.eu\\\/wp-content\\\/uploads\\\/2023\\\/07\\\/foto-lenka-hatasova7233-scaled-1.webp\",\"url\":\"https:\\\/\\\/www.matyasnovak.eu\\\/wp-content\\\/uploads\\\/2023\\\/07\\\/foto-lenka-hatasova7233-scaled-1.webp\",\"contentUrl\":\"https:\\\/\\\/www.matyasnovak.eu\\\/wp-content\\\/uploads\\\/2023\\\/07\\\/foto-lenka-hatasova7233-scaled-1.webp\",\"width\":1792,\"height\":1194,\"caption\":\"Maty\u00e1\u0161 Nov\u00e1k\"},\"logo\":{\"@id\":\"https:\\\/\\\/www.matyasnovak.eu\\\/wp-content\\\/uploads\\\/2023\\\/07\\\/foto-lenka-hatasova7233-scaled-1.webp\"},\"sameAs\":[\"https:\\\/\\\/www.matyasnovak.eu\\\/\",\"https:\\\/\\\/www.facebook.com\\\/matyasnovakpianist\\\/\",\"https:\\\/\\\/www.youtube.com\\\/@matyasnovakpianist1921\"],\"url\":\"https:\\\/\\\/www.matyasnovak.eu\\\/en\\\/author\\\/novak\\\/\"}]}<\/script>\n<!-- \/ Yoast SEO plugin. -->","yoast_head_json":{"title":"Franti\u0161ek Kinsk\u00fd a Maty\u00e1\u0161 Nov\u00e1k \u2013 Mil\u00ed moji\u2026\u00a0L\u00e1zn\u011b B\u011blohrad ~ Maty\u00e1\u0161 Nov\u00e1k","robots":{"index":"index","follow":"follow","max-snippet":"max-snippet:-1","max-image-preview":"max-image-preview:large","max-video-preview":"max-video-preview:-1"},"canonical":"https:\/\/www.matyasnovak.eu\/en\/koncerty\/frantisek-kinsky-a-matyas-novak-mili-moji-lazne-belohrad\/","og_locale":"en_GB","og_type":"article","og_title":"Franti\u0161ek Kinsk\u00fd a Maty\u00e1\u0161 Nov\u00e1k \u2013 Mil\u00ed moji\u2026\u00a0L\u00e1zn\u011b B\u011blohrad ~ Maty\u00e1\u0161 Nov\u00e1k","og_description":"Komponovan\u00fd po\u0159ad Franti\u0161ka Kinsk\u00e9ho, potomka star\u00e9ho \u010desk\u00e9ho \u0161lechtick\u00e9ho rodu a pr\u016fvodce obl\u00edben\u00fdm seri\u00e1lem Modr\u00e1 krev, a v\u00fdjime\u010dn\u00e9ho klav\u00edristy Maty\u00e1\u0161e Nov\u00e1ka, v\u00edt\u011bze \u0159ady dom\u00e1c\u00edch i sv\u011btov\u00fdch sout\u011b\u017e\u00ed, kombinuje skladby Anton\u00edna Dvo\u0159\u00e1ka, Josefa Suka, Leo\u0161e Jan\u00e1\u010dka a Bed\u0159icha Smetany s v\u00fdb\u011brem z korespondence Anton\u00edna Dvo\u0159\u00e1ka s t\u011bmito osobnostmi, kter\u00e9 p\u0159ednese Franti\u0161ek Kinsk\u00fd.&nbsp;Koncert se uskute\u010dn\u00ed v r\u00e1mci jubilejn\u00edho [&hellip;]","og_url":"https:\/\/www.matyasnovak.eu\/en\/koncerty\/frantisek-kinsky-a-matyas-novak-mili-moji-lazne-belohrad\/","og_site_name":"Maty\u00e1\u0161 Nov\u00e1k","article_publisher":"https:\/\/www.facebook.com\/matyasnovakpianist\/","article_author":"https:\/\/www.facebook.com\/matyasnovakpianist\/","article_published_time":"2026-04-30T04:10:07+00:00","article_modified_time":"2026-04-30T04:10:09+00:00","og_image":[{"width":1201,"height":1201,"url":"https:\/\/www.matyasnovak.eu\/wp-content\/uploads\/2024\/08\/mili-moji-09-min.jpg","type":"image\/jpeg"}],"author":"Maty\u00e1\u0161 Nov\u00e1k","twitter_card":"summary_large_image","twitter_misc":{"Written by":"Maty\u00e1\u0161 Nov\u00e1k","Estimated reading time":"1 minute"},"schema":{"@context":"https:\/\/schema.org","@graph":[{"@type":"Article","@id":"https:\/\/www.matyasnovak.eu\/koncerty\/frantisek-kinsky-a-matyas-novak-mili-moji-lazne-belohrad\/#article","isPartOf":{"@id":"https:\/\/www.matyasnovak.eu\/koncerty\/frantisek-kinsky-a-matyas-novak-mili-moji-lazne-belohrad\/"},"author":{"name":"Maty\u00e1\u0161 Nov\u00e1k","@id":"https:\/\/novakweb2.eu\/#\/schema\/person\/3fd5dc2f65072c5a94a64eb54623e857"},"headline":"Franti\u0161ek Kinsk\u00fd a Maty\u00e1\u0161 Nov\u00e1k \u2013 Mil\u00ed moji\u2026\u00a0L\u00e1zn\u011b B\u011blohrad","datePublished":"2026-04-30T04:10:07+00:00","dateModified":"2026-04-30T04:10:09+00:00","mainEntityOfPage":{"@id":"https:\/\/www.matyasnovak.eu\/koncerty\/frantisek-kinsky-a-matyas-novak-mili-moji-lazne-belohrad\/"},"wordCount":183,"publisher":{"@id":"https:\/\/novakweb2.eu\/#\/schema\/person\/3fd5dc2f65072c5a94a64eb54623e857"},"image":{"@id":"https:\/\/www.matyasnovak.eu\/koncerty\/frantisek-kinsky-a-matyas-novak-mili-moji-lazne-belohrad\/#primaryimage"},"thumbnailUrl":"https:\/\/www.matyasnovak.eu\/wp-content\/uploads\/2024\/08\/mili-moji-09-min.jpg","articleSection":["Koncerty"],"inLanguage":"en-GB"},{"@type":"WebPage","@id":"https:\/\/www.matyasnovak.eu\/koncerty\/frantisek-kinsky-a-matyas-novak-mili-moji-lazne-belohrad\/","url":"https:\/\/www.matyasnovak.eu\/koncerty\/frantisek-kinsky-a-matyas-novak-mili-moji-lazne-belohrad\/","name":"Franti\u0161ek Kinsk\u00fd a Maty\u00e1\u0161 Nov\u00e1k \u2013 Mil\u00ed moji\u2026\u00a0L\u00e1zn\u011b B\u011blohrad ~ Maty\u00e1\u0161 Nov\u00e1k","isPartOf":{"@id":"https:\/\/novakweb2.eu\/#website"},"primaryImageOfPage":{"@id":"https:\/\/www.matyasnovak.eu\/koncerty\/frantisek-kinsky-a-matyas-novak-mili-moji-lazne-belohrad\/#primaryimage"},"image":{"@id":"https:\/\/www.matyasnovak.eu\/koncerty\/frantisek-kinsky-a-matyas-novak-mili-moji-lazne-belohrad\/#primaryimage"},"thumbnailUrl":"https:\/\/www.matyasnovak.eu\/wp-content\/uploads\/2024\/08\/mili-moji-09-min.jpg","datePublished":"2026-04-30T04:10:07+00:00","dateModified":"2026-04-30T04:10:09+00:00","breadcrumb":{"@id":"https:\/\/www.matyasnovak.eu\/koncerty\/frantisek-kinsky-a-matyas-novak-mili-moji-lazne-belohrad\/#breadcrumb"},"inLanguage":"en-GB","potentialAction":[{"@type":"ReadAction","target":["https:\/\/www.matyasnovak.eu\/koncerty\/frantisek-kinsky-a-matyas-novak-mili-moji-lazne-belohrad\/"]}]},{"@type":"ImageObject","inLanguage":"en-GB","@id":"https:\/\/www.matyasnovak.eu\/koncerty\/frantisek-kinsky-a-matyas-novak-mili-moji-lazne-belohrad\/#primaryimage","url":"https:\/\/www.matyasnovak.eu\/wp-content\/uploads\/2024\/08\/mili-moji-09-min.jpg","contentUrl":"https:\/\/www.matyasnovak.eu\/wp-content\/uploads\/2024\/08\/mili-moji-09-min.jpg","width":1201,"height":1201},{"@type":"BreadcrumbList","@id":"https:\/\/www.matyasnovak.eu\/koncerty\/frantisek-kinsky-a-matyas-novak-mili-moji-lazne-belohrad\/#breadcrumb","itemListElement":[{"@type":"ListItem","position":1,"name":"Dom\u016f","item":"https:\/\/www.matyasnovak.eu\/"},{"@type":"ListItem","position":2,"name":"Franti\u0161ek Kinsk\u00fd a Maty\u00e1\u0161 Nov\u00e1k \u2013 Mil\u00ed moji\u2026\u00a0L\u00e1zn\u011b B\u011blohrad"}]},{"@type":"WebSite","@id":"https:\/\/novakweb2.eu\/#website","url":"https:\/\/novakweb2.eu\/","name":"Maty\u00e1\u0161 Nov\u00e1k","description":"","publisher":{"@id":"https:\/\/novakweb2.eu\/#\/schema\/person\/3fd5dc2f65072c5a94a64eb54623e857"},"potentialAction":[{"@type":"SearchAction","target":{"@type":"EntryPoint","urlTemplate":"https:\/\/novakweb2.eu\/?s={search_term_string}"},"query-input":{"@type":"PropertyValueSpecification","valueRequired":true,"valueName":"search_term_string"}}],"inLanguage":"en-GB"},{"@type":["Person","Organization"],"@id":"https:\/\/novakweb2.eu\/#\/schema\/person\/3fd5dc2f65072c5a94a64eb54623e857","name":"Maty\u00e1\u0161 Nov\u00e1k","image":{"@type":"ImageObject","inLanguage":"en-GB","@id":"https:\/\/www.matyasnovak.eu\/wp-content\/uploads\/2023\/07\/foto-lenka-hatasova7233-scaled-1.webp","url":"https:\/\/www.matyasnovak.eu\/wp-content\/uploads\/2023\/07\/foto-lenka-hatasova7233-scaled-1.webp","contentUrl":"https:\/\/www.matyasnovak.eu\/wp-content\/uploads\/2023\/07\/foto-lenka-hatasova7233-scaled-1.webp","width":1792,"height":1194,"caption":"Maty\u00e1\u0161 Nov\u00e1k"},"logo":{"@id":"https:\/\/www.matyasnovak.eu\/wp-content\/uploads\/2023\/07\/foto-lenka-hatasova7233-scaled-1.webp"},"sameAs":["https:\/\/www.matyasnovak.eu\/","https:\/\/www.facebook.com\/matyasnovakpianist\/","https:\/\/www.youtube.com\/@matyasnovakpianist1921"],"url":"https:\/\/www.matyasnovak.eu\/en\/author\/novak\/"}]}},"_links":{"self":[{"href":"https:\/\/www.matyasnovak.eu\/en\/wp-json\/wp\/v2\/posts\/7981","targetHints":{"allow":["GET"]}}],"collection":[{"href":"https:\/\/www.matyasnovak.eu\/en\/wp-json\/wp\/v2\/posts"}],"about":[{"href":"https:\/\/www.matyasnovak.eu\/en\/wp-json\/wp\/v2\/types\/post"}],"author":[{"embeddable":true,"href":"https:\/\/www.matyasnovak.eu\/en\/wp-json\/wp\/v2\/users\/2"}],"replies":[{"embeddable":true,"href":"https:\/\/www.matyasnovak.eu\/en\/wp-json\/wp\/v2\/comments?post=7981"}],"version-history":[{"count":1,"href":"https:\/\/www.matyasnovak.eu\/en\/wp-json\/wp\/v2\/posts\/7981\/revisions"}],"predecessor-version":[{"id":7982,"href":"https:\/\/www.matyasnovak.eu\/en\/wp-json\/wp\/v2\/posts\/7981\/revisions\/7982"}],"wp:featuredmedia":[{"embeddable":true,"href":"https:\/\/www.matyasnovak.eu\/en\/wp-json\/wp\/v2\/media\/7328"}],"wp:attachment":[{"href":"https:\/\/www.matyasnovak.eu\/en\/wp-json\/wp\/v2\/media?parent=7981"}],"wp:term":[{"taxonomy":"category","embeddable":true,"href":"https:\/\/www.matyasnovak.eu\/en\/wp-json\/wp\/v2\/categories?post=7981"},{"taxonomy":"post_tag","embeddable":true,"href":"https:\/\/www.matyasnovak.eu\/en\/wp-json\/wp\/v2\/tags?post=7981"}],"curies":[{"name":"wp","href":"https:\/\/api.w.org\/{rel}","templated":true}]}}