{"id":7977,"date":"2026-04-30T05:53:11","date_gmt":"2026-04-30T03:53:11","guid":{"rendered":"https:\/\/www.matyasnovak.eu\/?p=7977"},"modified":"2026-04-30T05:53:13","modified_gmt":"2026-04-30T03:53:13","slug":"klavirni-recital-na-festivalu-smetanova-litomysl","status":"publish","type":"post","link":"https:\/\/www.matyasnovak.eu\/en\/koncerty\/klavirni-recital-na-festivalu-smetanova-litomysl\/","title":{"rendered":"Klav\u00edrn\u00ed recit\u00e1l na festivalu Smetanova Litomy\u0161l"},"content":{"rendered":"<p>Recit\u00e1l Maty\u00e1\u0161e Nov\u00e1ka nab\u00edz\u00ed v\u00fdjime\u010dn\u00fd z\u00e1\u017eitek \u2013 poslech kompletn\u00edho Smetanova cyklu\u00a0<em>M\u00e1 vlast<\/em>\u00a0v \u00faprav\u011b pro s\u00f3lov\u00fd klav\u00edr. Jej\u00edm autorem je klav\u00edrn\u00ed virtuos, skladatel a pedagog Jind\u0159ich K\u00e0an z\u00a0Albest\u016f, od jeho\u017e \u00famrt\u00ed letos uplyne 100 let. Tato pozoruhodn\u00e1 \u00faprava\u00a0<em>M\u00e9 vlasti<\/em>\u00a0se dnes, tak\u00e9 d\u00edky mimo\u0159\u00e1dn\u00fdm interpreta\u010dn\u00edm n\u00e1rok\u016fm, na p\u00f3di\u00edch objevuje opravdu jen z\u0159\u00eddka. Maty\u00e1\u0161 Nov\u00e1k pat\u0159\u00ed k nejv\u00fdrazn\u011bj\u0161\u00edm \u010desk\u00fdm klav\u00edrist\u016fm mlad\u00e9 generace. Je laure\u00e1tem \u0159ady mezin\u00e1rodn\u00edch sout\u011b\u017e\u00ed a vynikaj\u00edc\u00edm zp\u016fsobem navazuje na tradici \u010desk\u00e9 klav\u00edrn\u00ed \u0161koly, kterou p\u0159ibli\u017euje poslucha\u010d\u016fm u n\u00e1s i v zahrani\u010d\u00ed.<\/p>\n\n\n\n<p>Program:<\/p>\n\n\n\n<p>B. Smetana \/ J. Ka\u00e0n z Albest\u016f: M\u00e1 vlast<\/p>\n\n\n\n<p>Vy\u0161ehrad<\/p>\n\n\n\n<p>Vltava<\/p>\n\n\n\n<p>\u0160\u00e1rka<\/p>\n\n\n\n<p>Z \u010desk\u00fdch luh\u016f a h\u00e1j\u016f<\/p>\n\n\n\n<p>T\u00e1bor<\/p>\n\n\n\n<p>Blan\u00edk<\/p>\n\n\n\n<p><\/p>\n\n\n\n<p>Zdroj: https:\/\/smetanovalitomysl.cz\/udalosti\/ma-vlast-matyas-novak\/<\/p>\n\n\n\n<p><\/p>","protected":false},"excerpt":{"rendered":"<p>Recit\u00e1l Maty\u00e1\u0161e Nov\u00e1ka nab\u00edz\u00ed v\u00fdjime\u010dn\u00fd z\u00e1\u017eitek \u2013 poslech kompletn\u00edho Smetanova cyklu\u00a0M\u00e1 vlast\u00a0v \u00faprav\u011b pro s\u00f3lov\u00fd klav\u00edr. Jej\u00edm autorem je klav\u00edrn\u00ed virtuos, skladatel a pedagog Jind\u0159ich K\u00e0an z\u00a0Albest\u016f, od jeho\u017e \u00famrt\u00ed letos uplyne 100 let. Tato pozoruhodn\u00e1 \u00faprava\u00a0M\u00e9 vlasti\u00a0se dnes, tak\u00e9 d\u00edky mimo\u0159\u00e1dn\u00fdm interpreta\u010dn\u00edm n\u00e1rok\u016fm, na p\u00f3di\u00edch objevuje opravdu jen z\u0159\u00eddka. Maty\u00e1\u0161 Nov\u00e1k pat\u0159\u00ed k nejv\u00fdrazn\u011bj\u0161\u00edm [&hellip;]<\/p>\n","protected":false},"author":2,"featured_media":7909,"comment_status":"closed","ping_status":"closed","sticky":false,"template":"","format":"standard","meta":{"_acf_changed":false,"footnotes":""},"categories":[120],"tags":[],"class_list":["post-7977","post","type-post","status-publish","format-standard","has-post-thumbnail","hentry","category-koncerty"],"acf":[],"yoast_head":"<!-- This site is optimized with the Yoast SEO plugin v27.4 - https:\/\/yoast.com\/product\/yoast-seo-wordpress\/ -->\n<title>Klav\u00edrn\u00ed recit\u00e1l na festivalu Smetanova Litomy\u0161l ~ Maty\u00e1\u0161 Nov\u00e1k<\/title>\n<meta name=\"robots\" content=\"index, follow, max-snippet:-1, max-image-preview:large, max-video-preview:-1\" \/>\n<link rel=\"canonical\" href=\"https:\/\/www.matyasnovak.eu\/en\/koncerty\/klavirni-recital-na-festivalu-smetanova-litomysl\/\" \/>\n<meta property=\"og:locale\" content=\"en_GB\" \/>\n<meta property=\"og:type\" content=\"article\" \/>\n<meta property=\"og:title\" content=\"Klav\u00edrn\u00ed recit\u00e1l na festivalu Smetanova Litomy\u0161l ~ Maty\u00e1\u0161 Nov\u00e1k\" \/>\n<meta property=\"og:description\" content=\"Recit\u00e1l Maty\u00e1\u0161e Nov\u00e1ka nab\u00edz\u00ed v\u00fdjime\u010dn\u00fd z\u00e1\u017eitek \u2013 poslech kompletn\u00edho Smetanova cyklu\u00a0M\u00e1 vlast\u00a0v \u00faprav\u011b pro s\u00f3lov\u00fd klav\u00edr. Jej\u00edm autorem je klav\u00edrn\u00ed virtuos, skladatel a pedagog Jind\u0159ich K\u00e0an z\u00a0Albest\u016f, od jeho\u017e \u00famrt\u00ed letos uplyne 100 let. Tato pozoruhodn\u00e1 \u00faprava\u00a0M\u00e9 vlasti\u00a0se dnes, tak\u00e9 d\u00edky mimo\u0159\u00e1dn\u00fdm interpreta\u010dn\u00edm n\u00e1rok\u016fm, na p\u00f3di\u00edch objevuje opravdu jen z\u0159\u00eddka. Maty\u00e1\u0161 Nov\u00e1k pat\u0159\u00ed k nejv\u00fdrazn\u011bj\u0161\u00edm [&hellip;]\" \/>\n<meta property=\"og:url\" content=\"https:\/\/www.matyasnovak.eu\/en\/koncerty\/klavirni-recital-na-festivalu-smetanova-litomysl\/\" \/>\n<meta property=\"og:site_name\" content=\"Maty\u00e1\u0161 Nov\u00e1k\" \/>\n<meta property=\"article:publisher\" content=\"https:\/\/www.facebook.com\/matyasnovakpianist\/\" \/>\n<meta property=\"article:author\" content=\"https:\/\/www.facebook.com\/matyasnovakpianist\/\" \/>\n<meta property=\"article:published_time\" content=\"2026-04-30T03:53:11+00:00\" \/>\n<meta property=\"article:modified_time\" content=\"2026-04-30T03:53:13+00:00\" \/>\n<meta property=\"og:image\" content=\"https:\/\/www.matyasnovak.eu\/wp-content\/uploads\/2026\/04\/matyas_novak.jpg\" \/>\n\t<meta property=\"og:image:width\" content=\"960\" \/>\n\t<meta property=\"og:image:height\" content=\"1280\" \/>\n\t<meta property=\"og:image:type\" content=\"image\/jpeg\" \/>\n<meta name=\"author\" content=\"Maty\u00e1\u0161 Nov\u00e1k\" \/>\n<meta name=\"twitter:card\" content=\"summary_large_image\" \/>\n<meta name=\"twitter:label1\" content=\"Written by\" \/>\n\t<meta name=\"twitter:data1\" content=\"Maty\u00e1\u0161 Nov\u00e1k\" \/>\n\t<meta name=\"twitter:label2\" content=\"Estimated reading time\" \/>\n\t<meta name=\"twitter:data2\" content=\"1 minute\" \/>\n<script type=\"application\/ld+json\" class=\"yoast-schema-graph\">{\"@context\":\"https:\\\/\\\/schema.org\",\"@graph\":[{\"@type\":\"Article\",\"@id\":\"https:\\\/\\\/www.matyasnovak.eu\\\/koncerty\\\/klavirni-recital-na-festivalu-smetanova-litomysl\\\/#article\",\"isPartOf\":{\"@id\":\"https:\\\/\\\/www.matyasnovak.eu\\\/koncerty\\\/klavirni-recital-na-festivalu-smetanova-litomysl\\\/\"},\"author\":{\"name\":\"Maty\u00e1\u0161 Nov\u00e1k\",\"@id\":\"https:\\\/\\\/novakweb2.eu\\\/#\\\/schema\\\/person\\\/3fd5dc2f65072c5a94a64eb54623e857\"},\"headline\":\"Klav\u00edrn\u00ed recit\u00e1l na festivalu Smetanova Litomy\u0161l\",\"datePublished\":\"2026-04-30T03:53:11+00:00\",\"dateModified\":\"2026-04-30T03:53:13+00:00\",\"mainEntityOfPage\":{\"@id\":\"https:\\\/\\\/www.matyasnovak.eu\\\/koncerty\\\/klavirni-recital-na-festivalu-smetanova-litomysl\\\/\"},\"wordCount\":166,\"publisher\":{\"@id\":\"https:\\\/\\\/novakweb2.eu\\\/#\\\/schema\\\/person\\\/3fd5dc2f65072c5a94a64eb54623e857\"},\"image\":{\"@id\":\"https:\\\/\\\/www.matyasnovak.eu\\\/koncerty\\\/klavirni-recital-na-festivalu-smetanova-litomysl\\\/#primaryimage\"},\"thumbnailUrl\":\"https:\\\/\\\/www.matyasnovak.eu\\\/wp-content\\\/uploads\\\/2026\\\/04\\\/matyas_novak.jpg\",\"articleSection\":[\"Koncerty\"],\"inLanguage\":\"en-GB\"},{\"@type\":\"WebPage\",\"@id\":\"https:\\\/\\\/www.matyasnovak.eu\\\/koncerty\\\/klavirni-recital-na-festivalu-smetanova-litomysl\\\/\",\"url\":\"https:\\\/\\\/www.matyasnovak.eu\\\/koncerty\\\/klavirni-recital-na-festivalu-smetanova-litomysl\\\/\",\"name\":\"Klav\u00edrn\u00ed recit\u00e1l na festivalu Smetanova Litomy\u0161l ~ Maty\u00e1\u0161 Nov\u00e1k\",\"isPartOf\":{\"@id\":\"https:\\\/\\\/novakweb2.eu\\\/#website\"},\"primaryImageOfPage\":{\"@id\":\"https:\\\/\\\/www.matyasnovak.eu\\\/koncerty\\\/klavirni-recital-na-festivalu-smetanova-litomysl\\\/#primaryimage\"},\"image\":{\"@id\":\"https:\\\/\\\/www.matyasnovak.eu\\\/koncerty\\\/klavirni-recital-na-festivalu-smetanova-litomysl\\\/#primaryimage\"},\"thumbnailUrl\":\"https:\\\/\\\/www.matyasnovak.eu\\\/wp-content\\\/uploads\\\/2026\\\/04\\\/matyas_novak.jpg\",\"datePublished\":\"2026-04-30T03:53:11+00:00\",\"dateModified\":\"2026-04-30T03:53:13+00:00\",\"breadcrumb\":{\"@id\":\"https:\\\/\\\/www.matyasnovak.eu\\\/koncerty\\\/klavirni-recital-na-festivalu-smetanova-litomysl\\\/#breadcrumb\"},\"inLanguage\":\"en-GB\",\"potentialAction\":[{\"@type\":\"ReadAction\",\"target\":[\"https:\\\/\\\/www.matyasnovak.eu\\\/koncerty\\\/klavirni-recital-na-festivalu-smetanova-litomysl\\\/\"]}]},{\"@type\":\"ImageObject\",\"inLanguage\":\"en-GB\",\"@id\":\"https:\\\/\\\/www.matyasnovak.eu\\\/koncerty\\\/klavirni-recital-na-festivalu-smetanova-litomysl\\\/#primaryimage\",\"url\":\"https:\\\/\\\/www.matyasnovak.eu\\\/wp-content\\\/uploads\\\/2026\\\/04\\\/matyas_novak.jpg\",\"contentUrl\":\"https:\\\/\\\/www.matyasnovak.eu\\\/wp-content\\\/uploads\\\/2026\\\/04\\\/matyas_novak.jpg\",\"width\":960,\"height\":1280,\"caption\":\"Evoto\"},{\"@type\":\"BreadcrumbList\",\"@id\":\"https:\\\/\\\/www.matyasnovak.eu\\\/koncerty\\\/klavirni-recital-na-festivalu-smetanova-litomysl\\\/#breadcrumb\",\"itemListElement\":[{\"@type\":\"ListItem\",\"position\":1,\"name\":\"Dom\u016f\",\"item\":\"https:\\\/\\\/www.matyasnovak.eu\\\/\"},{\"@type\":\"ListItem\",\"position\":2,\"name\":\"Klav\u00edrn\u00ed recit\u00e1l na festivalu Smetanova Litomy\u0161l\"}]},{\"@type\":\"WebSite\",\"@id\":\"https:\\\/\\\/novakweb2.eu\\\/#website\",\"url\":\"https:\\\/\\\/novakweb2.eu\\\/\",\"name\":\"Maty\u00e1\u0161 Nov\u00e1k\",\"description\":\"\",\"publisher\":{\"@id\":\"https:\\\/\\\/novakweb2.eu\\\/#\\\/schema\\\/person\\\/3fd5dc2f65072c5a94a64eb54623e857\"},\"potentialAction\":[{\"@type\":\"SearchAction\",\"target\":{\"@type\":\"EntryPoint\",\"urlTemplate\":\"https:\\\/\\\/novakweb2.eu\\\/?s={search_term_string}\"},\"query-input\":{\"@type\":\"PropertyValueSpecification\",\"valueRequired\":true,\"valueName\":\"search_term_string\"}}],\"inLanguage\":\"en-GB\"},{\"@type\":[\"Person\",\"Organization\"],\"@id\":\"https:\\\/\\\/novakweb2.eu\\\/#\\\/schema\\\/person\\\/3fd5dc2f65072c5a94a64eb54623e857\",\"name\":\"Maty\u00e1\u0161 Nov\u00e1k\",\"image\":{\"@type\":\"ImageObject\",\"inLanguage\":\"en-GB\",\"@id\":\"https:\\\/\\\/www.matyasnovak.eu\\\/wp-content\\\/uploads\\\/2023\\\/07\\\/foto-lenka-hatasova7233-scaled-1.webp\",\"url\":\"https:\\\/\\\/www.matyasnovak.eu\\\/wp-content\\\/uploads\\\/2023\\\/07\\\/foto-lenka-hatasova7233-scaled-1.webp\",\"contentUrl\":\"https:\\\/\\\/www.matyasnovak.eu\\\/wp-content\\\/uploads\\\/2023\\\/07\\\/foto-lenka-hatasova7233-scaled-1.webp\",\"width\":1792,\"height\":1194,\"caption\":\"Maty\u00e1\u0161 Nov\u00e1k\"},\"logo\":{\"@id\":\"https:\\\/\\\/www.matyasnovak.eu\\\/wp-content\\\/uploads\\\/2023\\\/07\\\/foto-lenka-hatasova7233-scaled-1.webp\"},\"sameAs\":[\"https:\\\/\\\/www.matyasnovak.eu\\\/\",\"https:\\\/\\\/www.facebook.com\\\/matyasnovakpianist\\\/\",\"https:\\\/\\\/www.youtube.com\\\/@matyasnovakpianist1921\"],\"url\":\"https:\\\/\\\/www.matyasnovak.eu\\\/en\\\/author\\\/novak\\\/\"}]}<\/script>\n<!-- \/ Yoast SEO plugin. -->","yoast_head_json":{"title":"Klav\u00edrn\u00ed recit\u00e1l na festivalu Smetanova Litomy\u0161l ~ Maty\u00e1\u0161 Nov\u00e1k","robots":{"index":"index","follow":"follow","max-snippet":"max-snippet:-1","max-image-preview":"max-image-preview:large","max-video-preview":"max-video-preview:-1"},"canonical":"https:\/\/www.matyasnovak.eu\/en\/koncerty\/klavirni-recital-na-festivalu-smetanova-litomysl\/","og_locale":"en_GB","og_type":"article","og_title":"Klav\u00edrn\u00ed recit\u00e1l na festivalu Smetanova Litomy\u0161l ~ Maty\u00e1\u0161 Nov\u00e1k","og_description":"Recit\u00e1l Maty\u00e1\u0161e Nov\u00e1ka nab\u00edz\u00ed v\u00fdjime\u010dn\u00fd z\u00e1\u017eitek \u2013 poslech kompletn\u00edho Smetanova cyklu\u00a0M\u00e1 vlast\u00a0v \u00faprav\u011b pro s\u00f3lov\u00fd klav\u00edr. Jej\u00edm autorem je klav\u00edrn\u00ed virtuos, skladatel a pedagog Jind\u0159ich K\u00e0an z\u00a0Albest\u016f, od jeho\u017e \u00famrt\u00ed letos uplyne 100 let. Tato pozoruhodn\u00e1 \u00faprava\u00a0M\u00e9 vlasti\u00a0se dnes, tak\u00e9 d\u00edky mimo\u0159\u00e1dn\u00fdm interpreta\u010dn\u00edm n\u00e1rok\u016fm, na p\u00f3di\u00edch objevuje opravdu jen z\u0159\u00eddka. Maty\u00e1\u0161 Nov\u00e1k pat\u0159\u00ed k nejv\u00fdrazn\u011bj\u0161\u00edm [&hellip;]","og_url":"https:\/\/www.matyasnovak.eu\/en\/koncerty\/klavirni-recital-na-festivalu-smetanova-litomysl\/","og_site_name":"Maty\u00e1\u0161 Nov\u00e1k","article_publisher":"https:\/\/www.facebook.com\/matyasnovakpianist\/","article_author":"https:\/\/www.facebook.com\/matyasnovakpianist\/","article_published_time":"2026-04-30T03:53:11+00:00","article_modified_time":"2026-04-30T03:53:13+00:00","og_image":[{"width":960,"height":1280,"url":"https:\/\/www.matyasnovak.eu\/wp-content\/uploads\/2026\/04\/matyas_novak.jpg","type":"image\/jpeg"}],"author":"Maty\u00e1\u0161 Nov\u00e1k","twitter_card":"summary_large_image","twitter_misc":{"Written by":"Maty\u00e1\u0161 Nov\u00e1k","Estimated reading time":"1 minute"},"schema":{"@context":"https:\/\/schema.org","@graph":[{"@type":"Article","@id":"https:\/\/www.matyasnovak.eu\/koncerty\/klavirni-recital-na-festivalu-smetanova-litomysl\/#article","isPartOf":{"@id":"https:\/\/www.matyasnovak.eu\/koncerty\/klavirni-recital-na-festivalu-smetanova-litomysl\/"},"author":{"name":"Maty\u00e1\u0161 Nov\u00e1k","@id":"https:\/\/novakweb2.eu\/#\/schema\/person\/3fd5dc2f65072c5a94a64eb54623e857"},"headline":"Klav\u00edrn\u00ed recit\u00e1l na festivalu Smetanova Litomy\u0161l","datePublished":"2026-04-30T03:53:11+00:00","dateModified":"2026-04-30T03:53:13+00:00","mainEntityOfPage":{"@id":"https:\/\/www.matyasnovak.eu\/koncerty\/klavirni-recital-na-festivalu-smetanova-litomysl\/"},"wordCount":166,"publisher":{"@id":"https:\/\/novakweb2.eu\/#\/schema\/person\/3fd5dc2f65072c5a94a64eb54623e857"},"image":{"@id":"https:\/\/www.matyasnovak.eu\/koncerty\/klavirni-recital-na-festivalu-smetanova-litomysl\/#primaryimage"},"thumbnailUrl":"https:\/\/www.matyasnovak.eu\/wp-content\/uploads\/2026\/04\/matyas_novak.jpg","articleSection":["Koncerty"],"inLanguage":"en-GB"},{"@type":"WebPage","@id":"https:\/\/www.matyasnovak.eu\/koncerty\/klavirni-recital-na-festivalu-smetanova-litomysl\/","url":"https:\/\/www.matyasnovak.eu\/koncerty\/klavirni-recital-na-festivalu-smetanova-litomysl\/","name":"Klav\u00edrn\u00ed recit\u00e1l na festivalu Smetanova Litomy\u0161l ~ Maty\u00e1\u0161 Nov\u00e1k","isPartOf":{"@id":"https:\/\/novakweb2.eu\/#website"},"primaryImageOfPage":{"@id":"https:\/\/www.matyasnovak.eu\/koncerty\/klavirni-recital-na-festivalu-smetanova-litomysl\/#primaryimage"},"image":{"@id":"https:\/\/www.matyasnovak.eu\/koncerty\/klavirni-recital-na-festivalu-smetanova-litomysl\/#primaryimage"},"thumbnailUrl":"https:\/\/www.matyasnovak.eu\/wp-content\/uploads\/2026\/04\/matyas_novak.jpg","datePublished":"2026-04-30T03:53:11+00:00","dateModified":"2026-04-30T03:53:13+00:00","breadcrumb":{"@id":"https:\/\/www.matyasnovak.eu\/koncerty\/klavirni-recital-na-festivalu-smetanova-litomysl\/#breadcrumb"},"inLanguage":"en-GB","potentialAction":[{"@type":"ReadAction","target":["https:\/\/www.matyasnovak.eu\/koncerty\/klavirni-recital-na-festivalu-smetanova-litomysl\/"]}]},{"@type":"ImageObject","inLanguage":"en-GB","@id":"https:\/\/www.matyasnovak.eu\/koncerty\/klavirni-recital-na-festivalu-smetanova-litomysl\/#primaryimage","url":"https:\/\/www.matyasnovak.eu\/wp-content\/uploads\/2026\/04\/matyas_novak.jpg","contentUrl":"https:\/\/www.matyasnovak.eu\/wp-content\/uploads\/2026\/04\/matyas_novak.jpg","width":960,"height":1280,"caption":"Evoto"},{"@type":"BreadcrumbList","@id":"https:\/\/www.matyasnovak.eu\/koncerty\/klavirni-recital-na-festivalu-smetanova-litomysl\/#breadcrumb","itemListElement":[{"@type":"ListItem","position":1,"name":"Dom\u016f","item":"https:\/\/www.matyasnovak.eu\/"},{"@type":"ListItem","position":2,"name":"Klav\u00edrn\u00ed recit\u00e1l na festivalu Smetanova Litomy\u0161l"}]},{"@type":"WebSite","@id":"https:\/\/novakweb2.eu\/#website","url":"https:\/\/novakweb2.eu\/","name":"Maty\u00e1\u0161 Nov\u00e1k","description":"","publisher":{"@id":"https:\/\/novakweb2.eu\/#\/schema\/person\/3fd5dc2f65072c5a94a64eb54623e857"},"potentialAction":[{"@type":"SearchAction","target":{"@type":"EntryPoint","urlTemplate":"https:\/\/novakweb2.eu\/?s={search_term_string}"},"query-input":{"@type":"PropertyValueSpecification","valueRequired":true,"valueName":"search_term_string"}}],"inLanguage":"en-GB"},{"@type":["Person","Organization"],"@id":"https:\/\/novakweb2.eu\/#\/schema\/person\/3fd5dc2f65072c5a94a64eb54623e857","name":"Maty\u00e1\u0161 Nov\u00e1k","image":{"@type":"ImageObject","inLanguage":"en-GB","@id":"https:\/\/www.matyasnovak.eu\/wp-content\/uploads\/2023\/07\/foto-lenka-hatasova7233-scaled-1.webp","url":"https:\/\/www.matyasnovak.eu\/wp-content\/uploads\/2023\/07\/foto-lenka-hatasova7233-scaled-1.webp","contentUrl":"https:\/\/www.matyasnovak.eu\/wp-content\/uploads\/2023\/07\/foto-lenka-hatasova7233-scaled-1.webp","width":1792,"height":1194,"caption":"Maty\u00e1\u0161 Nov\u00e1k"},"logo":{"@id":"https:\/\/www.matyasnovak.eu\/wp-content\/uploads\/2023\/07\/foto-lenka-hatasova7233-scaled-1.webp"},"sameAs":["https:\/\/www.matyasnovak.eu\/","https:\/\/www.facebook.com\/matyasnovakpianist\/","https:\/\/www.youtube.com\/@matyasnovakpianist1921"],"url":"https:\/\/www.matyasnovak.eu\/en\/author\/novak\/"}]}},"_links":{"self":[{"href":"https:\/\/www.matyasnovak.eu\/en\/wp-json\/wp\/v2\/posts\/7977","targetHints":{"allow":["GET"]}}],"collection":[{"href":"https:\/\/www.matyasnovak.eu\/en\/wp-json\/wp\/v2\/posts"}],"about":[{"href":"https:\/\/www.matyasnovak.eu\/en\/wp-json\/wp\/v2\/types\/post"}],"author":[{"embeddable":true,"href":"https:\/\/www.matyasnovak.eu\/en\/wp-json\/wp\/v2\/users\/2"}],"replies":[{"embeddable":true,"href":"https:\/\/www.matyasnovak.eu\/en\/wp-json\/wp\/v2\/comments?post=7977"}],"version-history":[{"count":1,"href":"https:\/\/www.matyasnovak.eu\/en\/wp-json\/wp\/v2\/posts\/7977\/revisions"}],"predecessor-version":[{"id":7978,"href":"https:\/\/www.matyasnovak.eu\/en\/wp-json\/wp\/v2\/posts\/7977\/revisions\/7978"}],"wp:featuredmedia":[{"embeddable":true,"href":"https:\/\/www.matyasnovak.eu\/en\/wp-json\/wp\/v2\/media\/7909"}],"wp:attachment":[{"href":"https:\/\/www.matyasnovak.eu\/en\/wp-json\/wp\/v2\/media?parent=7977"}],"wp:term":[{"taxonomy":"category","embeddable":true,"href":"https:\/\/www.matyasnovak.eu\/en\/wp-json\/wp\/v2\/categories?post=7977"},{"taxonomy":"post_tag","embeddable":true,"href":"https:\/\/www.matyasnovak.eu\/en\/wp-json\/wp\/v2\/tags?post=7977"}],"curies":[{"name":"wp","href":"https:\/\/api.w.org\/{rel}","templated":true}]}}