{"id":7965,"date":"2026-04-29T19:42:23","date_gmt":"2026-04-29T17:42:23","guid":{"rendered":"https:\/\/www.matyasnovak.eu\/?p=7965"},"modified":"2026-04-29T19:43:35","modified_gmt":"2026-04-29T17:43:35","slug":"vystoupeni-v-zeleznicni-stanici-martinice-v-krkonosich","status":"publish","type":"post","link":"https:\/\/www.matyasnovak.eu\/en\/koncerty\/vystoupeni-v-zeleznicni-stanici-martinice-v-krkonosich\/","title":{"rendered":"Vystoupen\u00ed v \u017eelezni\u010dn\u00ed stanici Martinice v Krkono\u0161\u00edch"},"content":{"rendered":"<p><br>V sobotu 6. \u010dervna 2026 uplyne p\u0159esn\u011b deset let od chv\u00edle, kdy byla \u017eelezni\u010dn\u00ed stanice Martinice v Krkono\u0161\u00edch prohl\u00e1\u0161ena kulturn\u00ed pam\u00e1tkou. Spolek \u017eelezni\u010dn\u00ed historie Martinice v Krkono\u0161\u00edch ve spolupr\u00e1ci s m\u00edstn\u00edmi samospr\u00e1vami a spolky p\u0159ipravuje p\u0159i t\u00e9to p\u0159\u00edle\u017eitosti oslavu, kter\u00e1 propoj\u00ed historii cel\u00e9ho \u00fadol\u00ed.<\/p>\n\n\n\n<h4 class=\"wp-block-heading\">Parn\u00ed vlak a o\u017eiven\u00e1 historie<\/h4>\n\n\n\n<p>Hlavn\u00edm l\u00e1kadlem dne bude historick\u00fd parn\u00ed vlak, kter\u00fd b\u011bhem dne t\u0159ikr\u00e1t projede celou trasu z Martinic p\u0159es Jilemnici a\u017e do Rokytnice nad Jizerou. Cestuj\u00edc\u00ed i div\u00e1ci pod\u00e9l trati se mohou t\u011b\u0161it na \u201e\u017eiv\u00e9 obrazy\u201c \u2013 des\u00edtky dobrovoln\u00edk\u016f v dobov\u00fdch kost\u00fdmech p\u0159ipomenou atmosf\u00e9ru p\u0159elomu 19. a 20. stolet\u00ed, od \u010detn\u00edk\u016f a pa\u0161er\u00e1k\u016f a\u017e po vzne\u0161en\u00e9 panstvo v ko\u010d\u00e1rech.<\/p>\n\n\n\n<h4 class=\"wp-block-heading\">Koncert hv\u011bzd p\u0159\u00edmo na peron\u011b<\/h4>\n\n\n\n<p>Kulturn\u00ed program na martinick\u00e9m n\u00e1dra\u017e\u00ed slibuje mimo\u0159\u00e1dn\u00fd um\u011bleck\u00fd z\u00e1\u017eitek. P\u0159\u00edmo na n\u00e1stupi\u0161ti vystoup\u00ed \u0161pi\u010dkov\u00fd&nbsp;klav\u00edrista Maty\u00e1\u0161 Nov\u00e1k, nejprve v s\u00f3lov\u00e9m recit\u00e1lu a pot\u00e9 ve spolupr\u00e1ci s renomovanou sopranistkou Karol\u00ednou Cingro\u0161ovou. Atmosf\u00e9ru prvn\u00ed republiky n\u00e1sledn\u011b podtrhnou vystoupen\u00ed jazzov\u00fdch a dixielandov\u00fdch uskupen\u00ed.<\/p>\n\n\n\n<p>Vstup do are\u00e1lu stanice a na kulturn\u00ed program je pro ve\u0159ejnost zdarma. J\u00edzdn\u00ed \u0159\u00e1dy parn\u00edch vlak\u016f a podrobn\u00fd program budou zve\u0159ejn\u011bny v pr\u016fb\u011bhu jara. P\u0159ij\u010fte s n\u00e1mi oslavit desetilet\u00ed ochrany na\u0161eho spole\u010dn\u00e9ho d\u011bdictv\u00ed!<\/p>\n\n\n\n<p>Aktu\u00e1ln\u00ed informace na spolkov\u00e9m&nbsp;<a href=\"https:\/\/www.facebook.com\/nadrazimartinice\" target=\"_blank\" rel=\"noreferrer noopener\">Facebooku<\/a>.<\/p>\n\n\n\n<p>Zdroj: https:\/\/www.nadrazimartinice.cz\/aktuality.php<\/p>\n\n\n\n<p><\/p>","protected":false},"excerpt":{"rendered":"<p>V sobotu 6. \u010dervna 2026 uplyne p\u0159esn\u011b deset let od chv\u00edle, kdy byla \u017eelezni\u010dn\u00ed stanice Martinice v Krkono\u0161\u00edch prohl\u00e1\u0161ena kulturn\u00ed pam\u00e1tkou. Spolek \u017eelezni\u010dn\u00ed historie Martinice v Krkono\u0161\u00edch ve spolupr\u00e1ci s m\u00edstn\u00edmi samospr\u00e1vami a spolky p\u0159ipravuje p\u0159i t\u00e9to p\u0159\u00edle\u017eitosti oslavu, kter\u00e1 propoj\u00ed historii cel\u00e9ho \u00fadol\u00ed. Parn\u00ed vlak a o\u017eiven\u00e1 historie Hlavn\u00edm l\u00e1kadlem dne bude historick\u00fd parn\u00ed [&hellip;]<\/p>\n","protected":false},"author":2,"featured_media":3037,"comment_status":"closed","ping_status":"closed","sticky":false,"template":"","format":"standard","meta":{"_acf_changed":false,"footnotes":""},"categories":[120],"tags":[],"class_list":["post-7965","post","type-post","status-publish","format-standard","has-post-thumbnail","hentry","category-koncerty"],"acf":[],"yoast_head":"<!-- This site is optimized with the Yoast SEO plugin v27.4 - https:\/\/yoast.com\/product\/yoast-seo-wordpress\/ -->\n<title>Vystoupen\u00ed v \u017eelezni\u010dn\u00ed stanici Martinice v Krkono\u0161\u00edch ~ Maty\u00e1\u0161 Nov\u00e1k<\/title>\n<meta name=\"robots\" content=\"index, follow, max-snippet:-1, max-image-preview:large, max-video-preview:-1\" \/>\n<link rel=\"canonical\" href=\"https:\/\/www.matyasnovak.eu\/en\/koncerty\/vystoupeni-v-zeleznicni-stanici-martinice-v-krkonosich\/\" \/>\n<meta property=\"og:locale\" content=\"en_GB\" \/>\n<meta property=\"og:type\" content=\"article\" \/>\n<meta property=\"og:title\" content=\"Vystoupen\u00ed v \u017eelezni\u010dn\u00ed stanici Martinice v Krkono\u0161\u00edch ~ Maty\u00e1\u0161 Nov\u00e1k\" \/>\n<meta property=\"og:description\" content=\"V sobotu 6. \u010dervna 2026 uplyne p\u0159esn\u011b deset let od chv\u00edle, kdy byla \u017eelezni\u010dn\u00ed stanice Martinice v Krkono\u0161\u00edch prohl\u00e1\u0161ena kulturn\u00ed pam\u00e1tkou. Spolek \u017eelezni\u010dn\u00ed historie Martinice v Krkono\u0161\u00edch ve spolupr\u00e1ci s m\u00edstn\u00edmi samospr\u00e1vami a spolky p\u0159ipravuje p\u0159i t\u00e9to p\u0159\u00edle\u017eitosti oslavu, kter\u00e1 propoj\u00ed historii cel\u00e9ho \u00fadol\u00ed. Parn\u00ed vlak a o\u017eiven\u00e1 historie Hlavn\u00edm l\u00e1kadlem dne bude historick\u00fd parn\u00ed [&hellip;]\" \/>\n<meta property=\"og:url\" content=\"https:\/\/www.matyasnovak.eu\/en\/koncerty\/vystoupeni-v-zeleznicni-stanici-martinice-v-krkonosich\/\" \/>\n<meta property=\"og:site_name\" content=\"Maty\u00e1\u0161 Nov\u00e1k\" \/>\n<meta property=\"article:publisher\" content=\"https:\/\/www.facebook.com\/matyasnovakpianist\/\" \/>\n<meta property=\"article:author\" content=\"https:\/\/www.facebook.com\/matyasnovakpianist\/\" \/>\n<meta property=\"article:published_time\" content=\"2026-04-29T17:42:23+00:00\" \/>\n<meta property=\"article:modified_time\" content=\"2026-04-29T17:43:35+00:00\" \/>\n<meta property=\"og:image\" content=\"https:\/\/www.matyasnovak.eu\/wp-content\/uploads\/2023\/04\/foto-lenka-hatasova7665-scaled.jpg\" \/>\n\t<meta property=\"og:image:width\" content=\"2560\" \/>\n\t<meta property=\"og:image:height\" content=\"1707\" \/>\n\t<meta property=\"og:image:type\" content=\"image\/jpeg\" \/>\n<meta name=\"author\" content=\"Maty\u00e1\u0161 Nov\u00e1k\" \/>\n<meta name=\"twitter:card\" content=\"summary_large_image\" \/>\n<meta name=\"twitter:label1\" content=\"Written by\" \/>\n\t<meta name=\"twitter:data1\" content=\"Maty\u00e1\u0161 Nov\u00e1k\" \/>\n\t<meta name=\"twitter:label2\" content=\"Estimated reading time\" \/>\n\t<meta name=\"twitter:data2\" content=\"2 minutes\" \/>\n<script type=\"application\/ld+json\" class=\"yoast-schema-graph\">{\"@context\":\"https:\\\/\\\/schema.org\",\"@graph\":[{\"@type\":\"Article\",\"@id\":\"https:\\\/\\\/www.matyasnovak.eu\\\/koncerty\\\/vystoupeni-v-zeleznicni-stanici-martinice-v-krkonosich\\\/#article\",\"isPartOf\":{\"@id\":\"https:\\\/\\\/www.matyasnovak.eu\\\/koncerty\\\/vystoupeni-v-zeleznicni-stanici-martinice-v-krkonosich\\\/\"},\"author\":{\"name\":\"Maty\u00e1\u0161 Nov\u00e1k\",\"@id\":\"https:\\\/\\\/novakweb2.eu\\\/#\\\/schema\\\/person\\\/3fd5dc2f65072c5a94a64eb54623e857\"},\"headline\":\"Vystoupen\u00ed v \u017eelezni\u010dn\u00ed stanici Martinice v Krkono\u0161\u00edch\",\"datePublished\":\"2026-04-29T17:42:23+00:00\",\"dateModified\":\"2026-04-29T17:43:35+00:00\",\"mainEntityOfPage\":{\"@id\":\"https:\\\/\\\/www.matyasnovak.eu\\\/koncerty\\\/vystoupeni-v-zeleznicni-stanici-martinice-v-krkonosich\\\/\"},\"wordCount\":283,\"publisher\":{\"@id\":\"https:\\\/\\\/novakweb2.eu\\\/#\\\/schema\\\/person\\\/3fd5dc2f65072c5a94a64eb54623e857\"},\"image\":{\"@id\":\"https:\\\/\\\/www.matyasnovak.eu\\\/koncerty\\\/vystoupeni-v-zeleznicni-stanici-martinice-v-krkonosich\\\/#primaryimage\"},\"thumbnailUrl\":\"https:\\\/\\\/www.matyasnovak.eu\\\/wp-content\\\/uploads\\\/2023\\\/04\\\/foto-lenka-hatasova7665-scaled.jpg\",\"articleSection\":[\"Koncerty\"],\"inLanguage\":\"en-GB\"},{\"@type\":\"WebPage\",\"@id\":\"https:\\\/\\\/www.matyasnovak.eu\\\/koncerty\\\/vystoupeni-v-zeleznicni-stanici-martinice-v-krkonosich\\\/\",\"url\":\"https:\\\/\\\/www.matyasnovak.eu\\\/koncerty\\\/vystoupeni-v-zeleznicni-stanici-martinice-v-krkonosich\\\/\",\"name\":\"Vystoupen\u00ed v \u017eelezni\u010dn\u00ed stanici Martinice v Krkono\u0161\u00edch ~ Maty\u00e1\u0161 Nov\u00e1k\",\"isPartOf\":{\"@id\":\"https:\\\/\\\/novakweb2.eu\\\/#website\"},\"primaryImageOfPage\":{\"@id\":\"https:\\\/\\\/www.matyasnovak.eu\\\/koncerty\\\/vystoupeni-v-zeleznicni-stanici-martinice-v-krkonosich\\\/#primaryimage\"},\"image\":{\"@id\":\"https:\\\/\\\/www.matyasnovak.eu\\\/koncerty\\\/vystoupeni-v-zeleznicni-stanici-martinice-v-krkonosich\\\/#primaryimage\"},\"thumbnailUrl\":\"https:\\\/\\\/www.matyasnovak.eu\\\/wp-content\\\/uploads\\\/2023\\\/04\\\/foto-lenka-hatasova7665-scaled.jpg\",\"datePublished\":\"2026-04-29T17:42:23+00:00\",\"dateModified\":\"2026-04-29T17:43:35+00:00\",\"breadcrumb\":{\"@id\":\"https:\\\/\\\/www.matyasnovak.eu\\\/koncerty\\\/vystoupeni-v-zeleznicni-stanici-martinice-v-krkonosich\\\/#breadcrumb\"},\"inLanguage\":\"en-GB\",\"potentialAction\":[{\"@type\":\"ReadAction\",\"target\":[\"https:\\\/\\\/www.matyasnovak.eu\\\/koncerty\\\/vystoupeni-v-zeleznicni-stanici-martinice-v-krkonosich\\\/\"]}]},{\"@type\":\"ImageObject\",\"inLanguage\":\"en-GB\",\"@id\":\"https:\\\/\\\/www.matyasnovak.eu\\\/koncerty\\\/vystoupeni-v-zeleznicni-stanici-martinice-v-krkonosich\\\/#primaryimage\",\"url\":\"https:\\\/\\\/www.matyasnovak.eu\\\/wp-content\\\/uploads\\\/2023\\\/04\\\/foto-lenka-hatasova7665-scaled.jpg\",\"contentUrl\":\"https:\\\/\\\/www.matyasnovak.eu\\\/wp-content\\\/uploads\\\/2023\\\/04\\\/foto-lenka-hatasova7665-scaled.jpg\",\"width\":2560,\"height\":1707,\"caption\":\"mn-galerie Maty\u00e1\u0161 Nov\u00e1k\"},{\"@type\":\"BreadcrumbList\",\"@id\":\"https:\\\/\\\/www.matyasnovak.eu\\\/koncerty\\\/vystoupeni-v-zeleznicni-stanici-martinice-v-krkonosich\\\/#breadcrumb\",\"itemListElement\":[{\"@type\":\"ListItem\",\"position\":1,\"name\":\"Dom\u016f\",\"item\":\"https:\\\/\\\/www.matyasnovak.eu\\\/\"},{\"@type\":\"ListItem\",\"position\":2,\"name\":\"Vystoupen\u00ed v \u017eelezni\u010dn\u00ed stanici Martinice v Krkono\u0161\u00edch\"}]},{\"@type\":\"WebSite\",\"@id\":\"https:\\\/\\\/novakweb2.eu\\\/#website\",\"url\":\"https:\\\/\\\/novakweb2.eu\\\/\",\"name\":\"Maty\u00e1\u0161 Nov\u00e1k\",\"description\":\"\",\"publisher\":{\"@id\":\"https:\\\/\\\/novakweb2.eu\\\/#\\\/schema\\\/person\\\/3fd5dc2f65072c5a94a64eb54623e857\"},\"potentialAction\":[{\"@type\":\"SearchAction\",\"target\":{\"@type\":\"EntryPoint\",\"urlTemplate\":\"https:\\\/\\\/novakweb2.eu\\\/?s={search_term_string}\"},\"query-input\":{\"@type\":\"PropertyValueSpecification\",\"valueRequired\":true,\"valueName\":\"search_term_string\"}}],\"inLanguage\":\"en-GB\"},{\"@type\":[\"Person\",\"Organization\"],\"@id\":\"https:\\\/\\\/novakweb2.eu\\\/#\\\/schema\\\/person\\\/3fd5dc2f65072c5a94a64eb54623e857\",\"name\":\"Maty\u00e1\u0161 Nov\u00e1k\",\"image\":{\"@type\":\"ImageObject\",\"inLanguage\":\"en-GB\",\"@id\":\"https:\\\/\\\/www.matyasnovak.eu\\\/wp-content\\\/uploads\\\/2023\\\/07\\\/foto-lenka-hatasova7233-scaled-1.webp\",\"url\":\"https:\\\/\\\/www.matyasnovak.eu\\\/wp-content\\\/uploads\\\/2023\\\/07\\\/foto-lenka-hatasova7233-scaled-1.webp\",\"contentUrl\":\"https:\\\/\\\/www.matyasnovak.eu\\\/wp-content\\\/uploads\\\/2023\\\/07\\\/foto-lenka-hatasova7233-scaled-1.webp\",\"width\":1792,\"height\":1194,\"caption\":\"Maty\u00e1\u0161 Nov\u00e1k\"},\"logo\":{\"@id\":\"https:\\\/\\\/www.matyasnovak.eu\\\/wp-content\\\/uploads\\\/2023\\\/07\\\/foto-lenka-hatasova7233-scaled-1.webp\"},\"sameAs\":[\"https:\\\/\\\/www.matyasnovak.eu\\\/\",\"https:\\\/\\\/www.facebook.com\\\/matyasnovakpianist\\\/\",\"https:\\\/\\\/www.youtube.com\\\/@matyasnovakpianist1921\"],\"url\":\"https:\\\/\\\/www.matyasnovak.eu\\\/en\\\/author\\\/novak\\\/\"}]}<\/script>\n<!-- \/ Yoast SEO plugin. -->","yoast_head_json":{"title":"Vystoupen\u00ed v \u017eelezni\u010dn\u00ed stanici Martinice v Krkono\u0161\u00edch ~ Maty\u00e1\u0161 Nov\u00e1k","robots":{"index":"index","follow":"follow","max-snippet":"max-snippet:-1","max-image-preview":"max-image-preview:large","max-video-preview":"max-video-preview:-1"},"canonical":"https:\/\/www.matyasnovak.eu\/en\/koncerty\/vystoupeni-v-zeleznicni-stanici-martinice-v-krkonosich\/","og_locale":"en_GB","og_type":"article","og_title":"Vystoupen\u00ed v \u017eelezni\u010dn\u00ed stanici Martinice v Krkono\u0161\u00edch ~ Maty\u00e1\u0161 Nov\u00e1k","og_description":"V sobotu 6. \u010dervna 2026 uplyne p\u0159esn\u011b deset let od chv\u00edle, kdy byla \u017eelezni\u010dn\u00ed stanice Martinice v Krkono\u0161\u00edch prohl\u00e1\u0161ena kulturn\u00ed pam\u00e1tkou. Spolek \u017eelezni\u010dn\u00ed historie Martinice v Krkono\u0161\u00edch ve spolupr\u00e1ci s m\u00edstn\u00edmi samospr\u00e1vami a spolky p\u0159ipravuje p\u0159i t\u00e9to p\u0159\u00edle\u017eitosti oslavu, kter\u00e1 propoj\u00ed historii cel\u00e9ho \u00fadol\u00ed. Parn\u00ed vlak a o\u017eiven\u00e1 historie Hlavn\u00edm l\u00e1kadlem dne bude historick\u00fd parn\u00ed [&hellip;]","og_url":"https:\/\/www.matyasnovak.eu\/en\/koncerty\/vystoupeni-v-zeleznicni-stanici-martinice-v-krkonosich\/","og_site_name":"Maty\u00e1\u0161 Nov\u00e1k","article_publisher":"https:\/\/www.facebook.com\/matyasnovakpianist\/","article_author":"https:\/\/www.facebook.com\/matyasnovakpianist\/","article_published_time":"2026-04-29T17:42:23+00:00","article_modified_time":"2026-04-29T17:43:35+00:00","og_image":[{"width":2560,"height":1707,"url":"https:\/\/www.matyasnovak.eu\/wp-content\/uploads\/2023\/04\/foto-lenka-hatasova7665-scaled.jpg","type":"image\/jpeg"}],"author":"Maty\u00e1\u0161 Nov\u00e1k","twitter_card":"summary_large_image","twitter_misc":{"Written by":"Maty\u00e1\u0161 Nov\u00e1k","Estimated reading time":"2 minutes"},"schema":{"@context":"https:\/\/schema.org","@graph":[{"@type":"Article","@id":"https:\/\/www.matyasnovak.eu\/koncerty\/vystoupeni-v-zeleznicni-stanici-martinice-v-krkonosich\/#article","isPartOf":{"@id":"https:\/\/www.matyasnovak.eu\/koncerty\/vystoupeni-v-zeleznicni-stanici-martinice-v-krkonosich\/"},"author":{"name":"Maty\u00e1\u0161 Nov\u00e1k","@id":"https:\/\/novakweb2.eu\/#\/schema\/person\/3fd5dc2f65072c5a94a64eb54623e857"},"headline":"Vystoupen\u00ed v \u017eelezni\u010dn\u00ed stanici Martinice v Krkono\u0161\u00edch","datePublished":"2026-04-29T17:42:23+00:00","dateModified":"2026-04-29T17:43:35+00:00","mainEntityOfPage":{"@id":"https:\/\/www.matyasnovak.eu\/koncerty\/vystoupeni-v-zeleznicni-stanici-martinice-v-krkonosich\/"},"wordCount":283,"publisher":{"@id":"https:\/\/novakweb2.eu\/#\/schema\/person\/3fd5dc2f65072c5a94a64eb54623e857"},"image":{"@id":"https:\/\/www.matyasnovak.eu\/koncerty\/vystoupeni-v-zeleznicni-stanici-martinice-v-krkonosich\/#primaryimage"},"thumbnailUrl":"https:\/\/www.matyasnovak.eu\/wp-content\/uploads\/2023\/04\/foto-lenka-hatasova7665-scaled.jpg","articleSection":["Koncerty"],"inLanguage":"en-GB"},{"@type":"WebPage","@id":"https:\/\/www.matyasnovak.eu\/koncerty\/vystoupeni-v-zeleznicni-stanici-martinice-v-krkonosich\/","url":"https:\/\/www.matyasnovak.eu\/koncerty\/vystoupeni-v-zeleznicni-stanici-martinice-v-krkonosich\/","name":"Vystoupen\u00ed v \u017eelezni\u010dn\u00ed stanici Martinice v Krkono\u0161\u00edch ~ Maty\u00e1\u0161 Nov\u00e1k","isPartOf":{"@id":"https:\/\/novakweb2.eu\/#website"},"primaryImageOfPage":{"@id":"https:\/\/www.matyasnovak.eu\/koncerty\/vystoupeni-v-zeleznicni-stanici-martinice-v-krkonosich\/#primaryimage"},"image":{"@id":"https:\/\/www.matyasnovak.eu\/koncerty\/vystoupeni-v-zeleznicni-stanici-martinice-v-krkonosich\/#primaryimage"},"thumbnailUrl":"https:\/\/www.matyasnovak.eu\/wp-content\/uploads\/2023\/04\/foto-lenka-hatasova7665-scaled.jpg","datePublished":"2026-04-29T17:42:23+00:00","dateModified":"2026-04-29T17:43:35+00:00","breadcrumb":{"@id":"https:\/\/www.matyasnovak.eu\/koncerty\/vystoupeni-v-zeleznicni-stanici-martinice-v-krkonosich\/#breadcrumb"},"inLanguage":"en-GB","potentialAction":[{"@type":"ReadAction","target":["https:\/\/www.matyasnovak.eu\/koncerty\/vystoupeni-v-zeleznicni-stanici-martinice-v-krkonosich\/"]}]},{"@type":"ImageObject","inLanguage":"en-GB","@id":"https:\/\/www.matyasnovak.eu\/koncerty\/vystoupeni-v-zeleznicni-stanici-martinice-v-krkonosich\/#primaryimage","url":"https:\/\/www.matyasnovak.eu\/wp-content\/uploads\/2023\/04\/foto-lenka-hatasova7665-scaled.jpg","contentUrl":"https:\/\/www.matyasnovak.eu\/wp-content\/uploads\/2023\/04\/foto-lenka-hatasova7665-scaled.jpg","width":2560,"height":1707,"caption":"mn-galerie Maty\u00e1\u0161 Nov\u00e1k"},{"@type":"BreadcrumbList","@id":"https:\/\/www.matyasnovak.eu\/koncerty\/vystoupeni-v-zeleznicni-stanici-martinice-v-krkonosich\/#breadcrumb","itemListElement":[{"@type":"ListItem","position":1,"name":"Dom\u016f","item":"https:\/\/www.matyasnovak.eu\/"},{"@type":"ListItem","position":2,"name":"Vystoupen\u00ed v \u017eelezni\u010dn\u00ed stanici Martinice v Krkono\u0161\u00edch"}]},{"@type":"WebSite","@id":"https:\/\/novakweb2.eu\/#website","url":"https:\/\/novakweb2.eu\/","name":"Maty\u00e1\u0161 Nov\u00e1k","description":"","publisher":{"@id":"https:\/\/novakweb2.eu\/#\/schema\/person\/3fd5dc2f65072c5a94a64eb54623e857"},"potentialAction":[{"@type":"SearchAction","target":{"@type":"EntryPoint","urlTemplate":"https:\/\/novakweb2.eu\/?s={search_term_string}"},"query-input":{"@type":"PropertyValueSpecification","valueRequired":true,"valueName":"search_term_string"}}],"inLanguage":"en-GB"},{"@type":["Person","Organization"],"@id":"https:\/\/novakweb2.eu\/#\/schema\/person\/3fd5dc2f65072c5a94a64eb54623e857","name":"Maty\u00e1\u0161 Nov\u00e1k","image":{"@type":"ImageObject","inLanguage":"en-GB","@id":"https:\/\/www.matyasnovak.eu\/wp-content\/uploads\/2023\/07\/foto-lenka-hatasova7233-scaled-1.webp","url":"https:\/\/www.matyasnovak.eu\/wp-content\/uploads\/2023\/07\/foto-lenka-hatasova7233-scaled-1.webp","contentUrl":"https:\/\/www.matyasnovak.eu\/wp-content\/uploads\/2023\/07\/foto-lenka-hatasova7233-scaled-1.webp","width":1792,"height":1194,"caption":"Maty\u00e1\u0161 Nov\u00e1k"},"logo":{"@id":"https:\/\/www.matyasnovak.eu\/wp-content\/uploads\/2023\/07\/foto-lenka-hatasova7233-scaled-1.webp"},"sameAs":["https:\/\/www.matyasnovak.eu\/","https:\/\/www.facebook.com\/matyasnovakpianist\/","https:\/\/www.youtube.com\/@matyasnovakpianist1921"],"url":"https:\/\/www.matyasnovak.eu\/en\/author\/novak\/"}]}},"_links":{"self":[{"href":"https:\/\/www.matyasnovak.eu\/en\/wp-json\/wp\/v2\/posts\/7965","targetHints":{"allow":["GET"]}}],"collection":[{"href":"https:\/\/www.matyasnovak.eu\/en\/wp-json\/wp\/v2\/posts"}],"about":[{"href":"https:\/\/www.matyasnovak.eu\/en\/wp-json\/wp\/v2\/types\/post"}],"author":[{"embeddable":true,"href":"https:\/\/www.matyasnovak.eu\/en\/wp-json\/wp\/v2\/users\/2"}],"replies":[{"embeddable":true,"href":"https:\/\/www.matyasnovak.eu\/en\/wp-json\/wp\/v2\/comments?post=7965"}],"version-history":[{"count":2,"href":"https:\/\/www.matyasnovak.eu\/en\/wp-json\/wp\/v2\/posts\/7965\/revisions"}],"predecessor-version":[{"id":7967,"href":"https:\/\/www.matyasnovak.eu\/en\/wp-json\/wp\/v2\/posts\/7965\/revisions\/7967"}],"wp:featuredmedia":[{"embeddable":true,"href":"https:\/\/www.matyasnovak.eu\/en\/wp-json\/wp\/v2\/media\/3037"}],"wp:attachment":[{"href":"https:\/\/www.matyasnovak.eu\/en\/wp-json\/wp\/v2\/media?parent=7965"}],"wp:term":[{"taxonomy":"category","embeddable":true,"href":"https:\/\/www.matyasnovak.eu\/en\/wp-json\/wp\/v2\/categories?post=7965"},{"taxonomy":"post_tag","embeddable":true,"href":"https:\/\/www.matyasnovak.eu\/en\/wp-json\/wp\/v2\/tags?post=7965"}],"curies":[{"name":"wp","href":"https:\/\/api.w.org\/{rel}","templated":true}]}}