{"id":7754,"date":"2025-12-07T08:11:15","date_gmt":"2025-12-07T07:11:15","guid":{"rendered":"https:\/\/www.matyasnovak.eu\/?p=7754"},"modified":"2025-12-07T08:11:17","modified_gmt":"2025-12-07T07:11:17","slug":"smetana-reborn-klavirni-ma-vlast-3","status":"publish","type":"post","link":"https:\/\/www.matyasnovak.eu\/en\/nezarazene\/smetana-reborn-klavirni-ma-vlast-3\/","title":{"rendered":"Smetana Reborn &#8211; klav\u00edrn\u00ed M\u00e1 vlast"},"content":{"rendered":"<p>Mil\u00ed poslucha\u010di,<\/p>\n\n\n\n<p>v roce 2026 si p\u0159ipomeneme 100 let od smrti Jind\u0159icha K\u00e0ana z Albest\u016f, v\u0161estrann\u00e9ho hudebn\u00edka, jeho\u017e odkaz tak trochu zav\u00e1l \u010das. Velk\u00fd prostor v K\u00e0anov\u011b tvorb\u011b zauj\u00edmaj\u00ed transkripce d\u011bl jin\u00fdch autor\u016f. V tomto sm\u011bru vynik\u00e1 p\u0159epis Smetanova cyklu M\u00e1 vlast pro s\u00f3lov\u00fd klav\u00edr. Zat\u00edmco Smetanova \u00faprava pro klav\u00edr \u010dty\u0159ru\u010dn\u00ed je notoricky zn\u00e1m\u00e1 a hojn\u011b uv\u00e1d\u011bn\u00e1, s K\u00e0anovou verz\u00ed je to p\u0159esn\u011b naopak. Je prakticky nezn\u00e1m\u00e1 a uv\u00e1d\u011bn\u00e1 zcela v\u00fdjime\u010dn\u011b a kompletn\u011b nebyla dle dostupn\u00fdch zdroj\u016f uvedena do chv\u00edle, ne\u017e jsem ji pro hudbymilovn\u00e9 poslucha\u010de nastudoval. Po hudebn\u00ed str\u00e1nce se jedn\u00e1 o velmi zda\u0159il\u00fd, by\u0165 technicky i v\u00fdrazov\u011b nesm\u00edrn\u011b n\u00e1ro\u010dn\u00fd kus. K\u00e0anova \u00faprava je srovnateln\u00e1 s nezda\u0159ilej\u0161\u00edmi transkripcemi Franze Liszta, ba m\u00edsty je dokonce p\u0159ed\u010d\u00ed. Srde\u010dn\u011b v\u00e1s zvu 5. 2. 2026 do Besedn\u00edho domu ve Vy\u0161kov\u011b, kde zazn\u00ed v r\u00e1mci jednoho ve\u010dera legend\u00e1rn\u00ed M\u00e1 vlast Bed\u0159icha Smetany ve fenomen\u00e1ln\u00ed \u00faprav\u011b Jind\u0159icha K\u00e0ana.<\/p>\n\n\n\n<p>Maty\u00e1\u0161&nbsp;<\/p>\n\n\n\n<p>Program:<\/p>\n\n\n\n<p>Bed\u0159ich Smetana \/ Jind\u0159ich K\u00e0an z Albest\u016f: M\u00e1 vlast<\/p>\n\n\n\n<p>Vy\u0161ehrad<\/p>\n\n\n\n<p>Vltava<\/p>\n\n\n\n<p>\u0160\u00e1rka<\/p>\n\n\n\n<p>Z \u010desk\u00fdch luh\u016f a h\u00e1j\u016f<\/p>\n\n\n\n<p>T\u00e1bor<\/p>\n\n\n\n<p>Blan\u00edk<\/p>","protected":false},"excerpt":{"rendered":"<p>Mil\u00ed poslucha\u010di, v roce 2026 si p\u0159ipomeneme 100 let od smrti Jind\u0159icha K\u00e0ana z Albest\u016f, v\u0161estrann\u00e9ho hudebn\u00edka, jeho\u017e odkaz tak trochu zav\u00e1l \u010das. Velk\u00fd prostor v K\u00e0anov\u011b tvorb\u011b zauj\u00edmaj\u00ed transkripce d\u011bl jin\u00fdch autor\u016f. V tomto sm\u011bru vynik\u00e1 p\u0159epis Smetanova cyklu M\u00e1 vlast pro s\u00f3lov\u00fd klav\u00edr. Zat\u00edmco Smetanova \u00faprava pro klav\u00edr \u010dty\u0159ru\u010dn\u00ed je notoricky zn\u00e1m\u00e1 a [&hellip;]<\/p>\n","protected":false},"author":2,"featured_media":171,"comment_status":"closed","ping_status":"closed","sticky":false,"template":"","format":"standard","meta":{"_acf_changed":false,"footnotes":""},"categories":[120,1],"tags":[],"class_list":["post-7754","post","type-post","status-publish","format-standard","has-post-thumbnail","hentry","category-koncerty","category-nezarazene"],"acf":[],"yoast_head":"<!-- This site is optimized with the Yoast SEO plugin v27.4 - https:\/\/yoast.com\/product\/yoast-seo-wordpress\/ -->\n<title>Smetana Reborn - klav\u00edrn\u00ed M\u00e1 vlast ~ Maty\u00e1\u0161 Nov\u00e1k<\/title>\n<meta name=\"robots\" content=\"index, follow, max-snippet:-1, max-image-preview:large, max-video-preview:-1\" \/>\n<link rel=\"canonical\" href=\"https:\/\/www.matyasnovak.eu\/en\/nezarazene\/smetana-reborn-klavirni-ma-vlast-3\/\" \/>\n<meta property=\"og:locale\" content=\"en_GB\" \/>\n<meta property=\"og:type\" content=\"article\" \/>\n<meta property=\"og:title\" content=\"Smetana Reborn - klav\u00edrn\u00ed M\u00e1 vlast ~ Maty\u00e1\u0161 Nov\u00e1k\" \/>\n<meta property=\"og:description\" content=\"Mil\u00ed poslucha\u010di, v roce 2026 si p\u0159ipomeneme 100 let od smrti Jind\u0159icha K\u00e0ana z Albest\u016f, v\u0161estrann\u00e9ho hudebn\u00edka, jeho\u017e odkaz tak trochu zav\u00e1l \u010das. Velk\u00fd prostor v K\u00e0anov\u011b tvorb\u011b zauj\u00edmaj\u00ed transkripce d\u011bl jin\u00fdch autor\u016f. V tomto sm\u011bru vynik\u00e1 p\u0159epis Smetanova cyklu M\u00e1 vlast pro s\u00f3lov\u00fd klav\u00edr. Zat\u00edmco Smetanova \u00faprava pro klav\u00edr \u010dty\u0159ru\u010dn\u00ed je notoricky zn\u00e1m\u00e1 a [&hellip;]\" \/>\n<meta property=\"og:url\" content=\"https:\/\/www.matyasnovak.eu\/en\/nezarazene\/smetana-reborn-klavirni-ma-vlast-3\/\" \/>\n<meta property=\"og:site_name\" content=\"Maty\u00e1\u0161 Nov\u00e1k\" \/>\n<meta property=\"article:publisher\" content=\"https:\/\/www.facebook.com\/matyasnovakpianist\/\" \/>\n<meta property=\"article:author\" content=\"https:\/\/www.facebook.com\/matyasnovakpianist\/\" \/>\n<meta property=\"article:published_time\" content=\"2025-12-07T07:11:15+00:00\" \/>\n<meta property=\"article:modified_time\" content=\"2025-12-07T07:11:17+00:00\" \/>\n<meta property=\"og:image\" content=\"https:\/\/www.matyasnovak.eu\/wp-content\/uploads\/2023\/01\/Matyas-Novak-photo-nature-1.jpg\" \/>\n\t<meta property=\"og:image:width\" content=\"2560\" \/>\n\t<meta property=\"og:image:height\" content=\"1440\" \/>\n\t<meta property=\"og:image:type\" content=\"image\/jpeg\" \/>\n<meta name=\"author\" content=\"Maty\u00e1\u0161 Nov\u00e1k\" \/>\n<meta name=\"twitter:card\" content=\"summary_large_image\" \/>\n<meta name=\"twitter:label1\" content=\"Written by\" \/>\n\t<meta name=\"twitter:data1\" content=\"Maty\u00e1\u0161 Nov\u00e1k\" \/>\n\t<meta name=\"twitter:label2\" content=\"Estimated reading time\" \/>\n\t<meta name=\"twitter:data2\" content=\"2 minutes\" \/>\n<script type=\"application\/ld+json\" class=\"yoast-schema-graph\">{\"@context\":\"https:\\\/\\\/schema.org\",\"@graph\":[{\"@type\":\"Article\",\"@id\":\"https:\\\/\\\/www.matyasnovak.eu\\\/nezarazene\\\/smetana-reborn-klavirni-ma-vlast-3\\\/#article\",\"isPartOf\":{\"@id\":\"https:\\\/\\\/www.matyasnovak.eu\\\/nezarazene\\\/smetana-reborn-klavirni-ma-vlast-3\\\/\"},\"author\":{\"name\":\"Maty\u00e1\u0161 Nov\u00e1k\",\"@id\":\"https:\\\/\\\/novakweb2.eu\\\/#\\\/schema\\\/person\\\/3fd5dc2f65072c5a94a64eb54623e857\"},\"headline\":\"Smetana Reborn &#8211; klav\u00edrn\u00ed M\u00e1 vlast\",\"datePublished\":\"2025-12-07T07:11:15+00:00\",\"dateModified\":\"2025-12-07T07:11:17+00:00\",\"mainEntityOfPage\":{\"@id\":\"https:\\\/\\\/www.matyasnovak.eu\\\/nezarazene\\\/smetana-reborn-klavirni-ma-vlast-3\\\/\"},\"wordCount\":229,\"publisher\":{\"@id\":\"https:\\\/\\\/novakweb2.eu\\\/#\\\/schema\\\/person\\\/3fd5dc2f65072c5a94a64eb54623e857\"},\"image\":{\"@id\":\"https:\\\/\\\/www.matyasnovak.eu\\\/nezarazene\\\/smetana-reborn-klavirni-ma-vlast-3\\\/#primaryimage\"},\"thumbnailUrl\":\"https:\\\/\\\/www.matyasnovak.eu\\\/wp-content\\\/uploads\\\/2023\\\/01\\\/Matyas-Novak-photo-nature-1.jpg\",\"articleSection\":[\"Koncerty\",\"Neza\u0159azen\u00e9\"],\"inLanguage\":\"en-GB\"},{\"@type\":\"WebPage\",\"@id\":\"https:\\\/\\\/www.matyasnovak.eu\\\/nezarazene\\\/smetana-reborn-klavirni-ma-vlast-3\\\/\",\"url\":\"https:\\\/\\\/www.matyasnovak.eu\\\/nezarazene\\\/smetana-reborn-klavirni-ma-vlast-3\\\/\",\"name\":\"Smetana Reborn - klav\u00edrn\u00ed M\u00e1 vlast ~ Maty\u00e1\u0161 Nov\u00e1k\",\"isPartOf\":{\"@id\":\"https:\\\/\\\/novakweb2.eu\\\/#website\"},\"primaryImageOfPage\":{\"@id\":\"https:\\\/\\\/www.matyasnovak.eu\\\/nezarazene\\\/smetana-reborn-klavirni-ma-vlast-3\\\/#primaryimage\"},\"image\":{\"@id\":\"https:\\\/\\\/www.matyasnovak.eu\\\/nezarazene\\\/smetana-reborn-klavirni-ma-vlast-3\\\/#primaryimage\"},\"thumbnailUrl\":\"https:\\\/\\\/www.matyasnovak.eu\\\/wp-content\\\/uploads\\\/2023\\\/01\\\/Matyas-Novak-photo-nature-1.jpg\",\"datePublished\":\"2025-12-07T07:11:15+00:00\",\"dateModified\":\"2025-12-07T07:11:17+00:00\",\"breadcrumb\":{\"@id\":\"https:\\\/\\\/www.matyasnovak.eu\\\/nezarazene\\\/smetana-reborn-klavirni-ma-vlast-3\\\/#breadcrumb\"},\"inLanguage\":\"en-GB\",\"potentialAction\":[{\"@type\":\"ReadAction\",\"target\":[\"https:\\\/\\\/www.matyasnovak.eu\\\/nezarazene\\\/smetana-reborn-klavirni-ma-vlast-3\\\/\"]}]},{\"@type\":\"ImageObject\",\"inLanguage\":\"en-GB\",\"@id\":\"https:\\\/\\\/www.matyasnovak.eu\\\/nezarazene\\\/smetana-reborn-klavirni-ma-vlast-3\\\/#primaryimage\",\"url\":\"https:\\\/\\\/www.matyasnovak.eu\\\/wp-content\\\/uploads\\\/2023\\\/01\\\/Matyas-Novak-photo-nature-1.jpg\",\"contentUrl\":\"https:\\\/\\\/www.matyasnovak.eu\\\/wp-content\\\/uploads\\\/2023\\\/01\\\/Matyas-Novak-photo-nature-1.jpg\",\"width\":2560,\"height\":1440,\"caption\":\"mn-galerie\"},{\"@type\":\"BreadcrumbList\",\"@id\":\"https:\\\/\\\/www.matyasnovak.eu\\\/nezarazene\\\/smetana-reborn-klavirni-ma-vlast-3\\\/#breadcrumb\",\"itemListElement\":[{\"@type\":\"ListItem\",\"position\":1,\"name\":\"Dom\u016f\",\"item\":\"https:\\\/\\\/www.matyasnovak.eu\\\/\"},{\"@type\":\"ListItem\",\"position\":2,\"name\":\"Smetana Reborn &#8211; klav\u00edrn\u00ed M\u00e1 vlast\"}]},{\"@type\":\"WebSite\",\"@id\":\"https:\\\/\\\/novakweb2.eu\\\/#website\",\"url\":\"https:\\\/\\\/novakweb2.eu\\\/\",\"name\":\"Maty\u00e1\u0161 Nov\u00e1k\",\"description\":\"\",\"publisher\":{\"@id\":\"https:\\\/\\\/novakweb2.eu\\\/#\\\/schema\\\/person\\\/3fd5dc2f65072c5a94a64eb54623e857\"},\"potentialAction\":[{\"@type\":\"SearchAction\",\"target\":{\"@type\":\"EntryPoint\",\"urlTemplate\":\"https:\\\/\\\/novakweb2.eu\\\/?s={search_term_string}\"},\"query-input\":{\"@type\":\"PropertyValueSpecification\",\"valueRequired\":true,\"valueName\":\"search_term_string\"}}],\"inLanguage\":\"en-GB\"},{\"@type\":[\"Person\",\"Organization\"],\"@id\":\"https:\\\/\\\/novakweb2.eu\\\/#\\\/schema\\\/person\\\/3fd5dc2f65072c5a94a64eb54623e857\",\"name\":\"Maty\u00e1\u0161 Nov\u00e1k\",\"image\":{\"@type\":\"ImageObject\",\"inLanguage\":\"en-GB\",\"@id\":\"https:\\\/\\\/www.matyasnovak.eu\\\/wp-content\\\/uploads\\\/2023\\\/07\\\/foto-lenka-hatasova7233-scaled-1.webp\",\"url\":\"https:\\\/\\\/www.matyasnovak.eu\\\/wp-content\\\/uploads\\\/2023\\\/07\\\/foto-lenka-hatasova7233-scaled-1.webp\",\"contentUrl\":\"https:\\\/\\\/www.matyasnovak.eu\\\/wp-content\\\/uploads\\\/2023\\\/07\\\/foto-lenka-hatasova7233-scaled-1.webp\",\"width\":1792,\"height\":1194,\"caption\":\"Maty\u00e1\u0161 Nov\u00e1k\"},\"logo\":{\"@id\":\"https:\\\/\\\/www.matyasnovak.eu\\\/wp-content\\\/uploads\\\/2023\\\/07\\\/foto-lenka-hatasova7233-scaled-1.webp\"},\"sameAs\":[\"https:\\\/\\\/www.matyasnovak.eu\\\/\",\"https:\\\/\\\/www.facebook.com\\\/matyasnovakpianist\\\/\",\"https:\\\/\\\/www.youtube.com\\\/@matyasnovakpianist1921\"],\"url\":\"https:\\\/\\\/www.matyasnovak.eu\\\/en\\\/author\\\/novak\\\/\"}]}<\/script>\n<!-- \/ Yoast SEO plugin. -->","yoast_head_json":{"title":"Smetana Reborn - klav\u00edrn\u00ed M\u00e1 vlast ~ Maty\u00e1\u0161 Nov\u00e1k","robots":{"index":"index","follow":"follow","max-snippet":"max-snippet:-1","max-image-preview":"max-image-preview:large","max-video-preview":"max-video-preview:-1"},"canonical":"https:\/\/www.matyasnovak.eu\/en\/nezarazene\/smetana-reborn-klavirni-ma-vlast-3\/","og_locale":"en_GB","og_type":"article","og_title":"Smetana Reborn - klav\u00edrn\u00ed M\u00e1 vlast ~ Maty\u00e1\u0161 Nov\u00e1k","og_description":"Mil\u00ed poslucha\u010di, v roce 2026 si p\u0159ipomeneme 100 let od smrti Jind\u0159icha K\u00e0ana z Albest\u016f, v\u0161estrann\u00e9ho hudebn\u00edka, jeho\u017e odkaz tak trochu zav\u00e1l \u010das. Velk\u00fd prostor v K\u00e0anov\u011b tvorb\u011b zauj\u00edmaj\u00ed transkripce d\u011bl jin\u00fdch autor\u016f. V tomto sm\u011bru vynik\u00e1 p\u0159epis Smetanova cyklu M\u00e1 vlast pro s\u00f3lov\u00fd klav\u00edr. Zat\u00edmco Smetanova \u00faprava pro klav\u00edr \u010dty\u0159ru\u010dn\u00ed je notoricky zn\u00e1m\u00e1 a [&hellip;]","og_url":"https:\/\/www.matyasnovak.eu\/en\/nezarazene\/smetana-reborn-klavirni-ma-vlast-3\/","og_site_name":"Maty\u00e1\u0161 Nov\u00e1k","article_publisher":"https:\/\/www.facebook.com\/matyasnovakpianist\/","article_author":"https:\/\/www.facebook.com\/matyasnovakpianist\/","article_published_time":"2025-12-07T07:11:15+00:00","article_modified_time":"2025-12-07T07:11:17+00:00","og_image":[{"width":2560,"height":1440,"url":"https:\/\/www.matyasnovak.eu\/wp-content\/uploads\/2023\/01\/Matyas-Novak-photo-nature-1.jpg","type":"image\/jpeg"}],"author":"Maty\u00e1\u0161 Nov\u00e1k","twitter_card":"summary_large_image","twitter_misc":{"Written by":"Maty\u00e1\u0161 Nov\u00e1k","Estimated reading time":"2 minutes"},"schema":{"@context":"https:\/\/schema.org","@graph":[{"@type":"Article","@id":"https:\/\/www.matyasnovak.eu\/nezarazene\/smetana-reborn-klavirni-ma-vlast-3\/#article","isPartOf":{"@id":"https:\/\/www.matyasnovak.eu\/nezarazene\/smetana-reborn-klavirni-ma-vlast-3\/"},"author":{"name":"Maty\u00e1\u0161 Nov\u00e1k","@id":"https:\/\/novakweb2.eu\/#\/schema\/person\/3fd5dc2f65072c5a94a64eb54623e857"},"headline":"Smetana Reborn &#8211; klav\u00edrn\u00ed M\u00e1 vlast","datePublished":"2025-12-07T07:11:15+00:00","dateModified":"2025-12-07T07:11:17+00:00","mainEntityOfPage":{"@id":"https:\/\/www.matyasnovak.eu\/nezarazene\/smetana-reborn-klavirni-ma-vlast-3\/"},"wordCount":229,"publisher":{"@id":"https:\/\/novakweb2.eu\/#\/schema\/person\/3fd5dc2f65072c5a94a64eb54623e857"},"image":{"@id":"https:\/\/www.matyasnovak.eu\/nezarazene\/smetana-reborn-klavirni-ma-vlast-3\/#primaryimage"},"thumbnailUrl":"https:\/\/www.matyasnovak.eu\/wp-content\/uploads\/2023\/01\/Matyas-Novak-photo-nature-1.jpg","articleSection":["Koncerty","Neza\u0159azen\u00e9"],"inLanguage":"en-GB"},{"@type":"WebPage","@id":"https:\/\/www.matyasnovak.eu\/nezarazene\/smetana-reborn-klavirni-ma-vlast-3\/","url":"https:\/\/www.matyasnovak.eu\/nezarazene\/smetana-reborn-klavirni-ma-vlast-3\/","name":"Smetana Reborn - klav\u00edrn\u00ed M\u00e1 vlast ~ Maty\u00e1\u0161 Nov\u00e1k","isPartOf":{"@id":"https:\/\/novakweb2.eu\/#website"},"primaryImageOfPage":{"@id":"https:\/\/www.matyasnovak.eu\/nezarazene\/smetana-reborn-klavirni-ma-vlast-3\/#primaryimage"},"image":{"@id":"https:\/\/www.matyasnovak.eu\/nezarazene\/smetana-reborn-klavirni-ma-vlast-3\/#primaryimage"},"thumbnailUrl":"https:\/\/www.matyasnovak.eu\/wp-content\/uploads\/2023\/01\/Matyas-Novak-photo-nature-1.jpg","datePublished":"2025-12-07T07:11:15+00:00","dateModified":"2025-12-07T07:11:17+00:00","breadcrumb":{"@id":"https:\/\/www.matyasnovak.eu\/nezarazene\/smetana-reborn-klavirni-ma-vlast-3\/#breadcrumb"},"inLanguage":"en-GB","potentialAction":[{"@type":"ReadAction","target":["https:\/\/www.matyasnovak.eu\/nezarazene\/smetana-reborn-klavirni-ma-vlast-3\/"]}]},{"@type":"ImageObject","inLanguage":"en-GB","@id":"https:\/\/www.matyasnovak.eu\/nezarazene\/smetana-reborn-klavirni-ma-vlast-3\/#primaryimage","url":"https:\/\/www.matyasnovak.eu\/wp-content\/uploads\/2023\/01\/Matyas-Novak-photo-nature-1.jpg","contentUrl":"https:\/\/www.matyasnovak.eu\/wp-content\/uploads\/2023\/01\/Matyas-Novak-photo-nature-1.jpg","width":2560,"height":1440,"caption":"mn-galerie"},{"@type":"BreadcrumbList","@id":"https:\/\/www.matyasnovak.eu\/nezarazene\/smetana-reborn-klavirni-ma-vlast-3\/#breadcrumb","itemListElement":[{"@type":"ListItem","position":1,"name":"Dom\u016f","item":"https:\/\/www.matyasnovak.eu\/"},{"@type":"ListItem","position":2,"name":"Smetana Reborn &#8211; klav\u00edrn\u00ed M\u00e1 vlast"}]},{"@type":"WebSite","@id":"https:\/\/novakweb2.eu\/#website","url":"https:\/\/novakweb2.eu\/","name":"Maty\u00e1\u0161 Nov\u00e1k","description":"","publisher":{"@id":"https:\/\/novakweb2.eu\/#\/schema\/person\/3fd5dc2f65072c5a94a64eb54623e857"},"potentialAction":[{"@type":"SearchAction","target":{"@type":"EntryPoint","urlTemplate":"https:\/\/novakweb2.eu\/?s={search_term_string}"},"query-input":{"@type":"PropertyValueSpecification","valueRequired":true,"valueName":"search_term_string"}}],"inLanguage":"en-GB"},{"@type":["Person","Organization"],"@id":"https:\/\/novakweb2.eu\/#\/schema\/person\/3fd5dc2f65072c5a94a64eb54623e857","name":"Maty\u00e1\u0161 Nov\u00e1k","image":{"@type":"ImageObject","inLanguage":"en-GB","@id":"https:\/\/www.matyasnovak.eu\/wp-content\/uploads\/2023\/07\/foto-lenka-hatasova7233-scaled-1.webp","url":"https:\/\/www.matyasnovak.eu\/wp-content\/uploads\/2023\/07\/foto-lenka-hatasova7233-scaled-1.webp","contentUrl":"https:\/\/www.matyasnovak.eu\/wp-content\/uploads\/2023\/07\/foto-lenka-hatasova7233-scaled-1.webp","width":1792,"height":1194,"caption":"Maty\u00e1\u0161 Nov\u00e1k"},"logo":{"@id":"https:\/\/www.matyasnovak.eu\/wp-content\/uploads\/2023\/07\/foto-lenka-hatasova7233-scaled-1.webp"},"sameAs":["https:\/\/www.matyasnovak.eu\/","https:\/\/www.facebook.com\/matyasnovakpianist\/","https:\/\/www.youtube.com\/@matyasnovakpianist1921"],"url":"https:\/\/www.matyasnovak.eu\/en\/author\/novak\/"}]}},"_links":{"self":[{"href":"https:\/\/www.matyasnovak.eu\/en\/wp-json\/wp\/v2\/posts\/7754","targetHints":{"allow":["GET"]}}],"collection":[{"href":"https:\/\/www.matyasnovak.eu\/en\/wp-json\/wp\/v2\/posts"}],"about":[{"href":"https:\/\/www.matyasnovak.eu\/en\/wp-json\/wp\/v2\/types\/post"}],"author":[{"embeddable":true,"href":"https:\/\/www.matyasnovak.eu\/en\/wp-json\/wp\/v2\/users\/2"}],"replies":[{"embeddable":true,"href":"https:\/\/www.matyasnovak.eu\/en\/wp-json\/wp\/v2\/comments?post=7754"}],"version-history":[{"count":1,"href":"https:\/\/www.matyasnovak.eu\/en\/wp-json\/wp\/v2\/posts\/7754\/revisions"}],"predecessor-version":[{"id":7755,"href":"https:\/\/www.matyasnovak.eu\/en\/wp-json\/wp\/v2\/posts\/7754\/revisions\/7755"}],"wp:featuredmedia":[{"embeddable":true,"href":"https:\/\/www.matyasnovak.eu\/en\/wp-json\/wp\/v2\/media\/171"}],"wp:attachment":[{"href":"https:\/\/www.matyasnovak.eu\/en\/wp-json\/wp\/v2\/media?parent=7754"}],"wp:term":[{"taxonomy":"category","embeddable":true,"href":"https:\/\/www.matyasnovak.eu\/en\/wp-json\/wp\/v2\/categories?post=7754"},{"taxonomy":"post_tag","embeddable":true,"href":"https:\/\/www.matyasnovak.eu\/en\/wp-json\/wp\/v2\/tags?post=7754"}],"curies":[{"name":"wp","href":"https:\/\/api.w.org\/{rel}","templated":true}]}}