{"id":7698,"date":"2025-08-10T21:07:41","date_gmt":"2025-08-10T19:07:41","guid":{"rendered":"https:\/\/www.matyasnovak.eu\/?p=7698"},"modified":"2025-08-10T21:07:43","modified_gmt":"2025-08-10T19:07:43","slug":"matyas-novak-barocco-sempre-giovane-novy-zamek-kostelec-nad-orlici","status":"publish","type":"post","link":"https:\/\/www.matyasnovak.eu\/en\/koncerty\/matyas-novak-barocco-sempre-giovane-novy-zamek-kostelec-nad-orlici\/","title":{"rendered":"Maty\u00e1\u0161 Nov\u00e1k &amp; Barocco sempre giovane &#8211; Nov\u00fd z\u00e1mek Kostelec nad Orlic\u00ed"},"content":{"rendered":"<p><strong>Koncert ke\u00a0Dni boje za\u00a0svobodu a\u00a0demokracii<\/strong><br><br><strong>\u00fa\u010dinkuj\u00ed:<\/strong><\/p>\n\n\n\n<p>Maty\u00e1\u0161 Nov\u00e1k \u2013 klav\u00edr<br>Barocco sempre giovane \u2013 komorn\u00ed soubor<\/p>\n\n\n\n<p><strong>program:<\/strong> <\/p>\n\n\n\n<p>V\u00edt\u011bzslav Nov\u00e1k (1870\u20131949) \u2013 Klav\u00edrn\u00ed kvintet a\u00a0moll op. 12<br><em>I. Allegro molto, II. Andante, III. Allegro risoluto<\/em><\/p>\n\n\n\n<p>p\u0159est\u00e1vka<\/p>\n\n\n\n<p>Anton\u00edn Dvo\u0159\u00e1k (1841\u20131904) \u2013 Klav\u00edrn\u00ed kvintet op. 81 \u010d. 2<br><em>I. Allegro ma non tanto, II. Dumka. Andante con moto,<\/em><br><em>III. Scherzo (Furiant). Molto vivace \u2014 Poco tranquillo<\/em><br><em>IV. Finale. Allegro<\/em><\/p>","protected":false},"excerpt":{"rendered":"<p>Koncert ke\u00a0Dni boje za\u00a0svobodu a\u00a0demokracii \u00fa\u010dinkuj\u00ed: Maty\u00e1\u0161 Nov\u00e1k \u2013 klav\u00edrBarocco sempre giovane \u2013 komorn\u00ed soubor program: V\u00edt\u011bzslav Nov\u00e1k (1870\u20131949) \u2013 Klav\u00edrn\u00ed kvintet a\u00a0moll op. 12I. Allegro molto, II. Andante, III. Allegro risoluto p\u0159est\u00e1vka Anton\u00edn Dvo\u0159\u00e1k (1841\u20131904) \u2013 Klav\u00edrn\u00ed kvintet op. 81 \u010d. 2I. Allegro ma non tanto, II. Dumka. Andante con moto,III. Scherzo (Furiant). Molto [&hellip;]<\/p>\n","protected":false},"author":2,"featured_media":7699,"comment_status":"closed","ping_status":"closed","sticky":false,"template":"","format":"standard","meta":{"_acf_changed":false,"footnotes":""},"categories":[120],"tags":[],"class_list":["post-7698","post","type-post","status-publish","format-standard","has-post-thumbnail","hentry","category-koncerty"],"acf":[],"yoast_head":"<!-- This site is optimized with the Yoast SEO plugin v27.4 - https:\/\/yoast.com\/product\/yoast-seo-wordpress\/ -->\n<title>Maty\u00e1\u0161 Nov\u00e1k &amp; Barocco sempre giovane - Nov\u00fd z\u00e1mek Kostelec nad Orlic\u00ed ~ Maty\u00e1\u0161 Nov\u00e1k<\/title>\n<meta name=\"robots\" content=\"index, follow, max-snippet:-1, max-image-preview:large, max-video-preview:-1\" \/>\n<link rel=\"canonical\" href=\"https:\/\/www.matyasnovak.eu\/en\/koncerty\/matyas-novak-barocco-sempre-giovane-novy-zamek-kostelec-nad-orlici\/\" \/>\n<meta property=\"og:locale\" content=\"en_GB\" \/>\n<meta property=\"og:type\" content=\"article\" \/>\n<meta property=\"og:title\" content=\"Maty\u00e1\u0161 Nov\u00e1k &amp; Barocco sempre giovane - Nov\u00fd z\u00e1mek Kostelec nad Orlic\u00ed ~ Maty\u00e1\u0161 Nov\u00e1k\" \/>\n<meta property=\"og:description\" content=\"Koncert ke\u00a0Dni boje za\u00a0svobodu a\u00a0demokracii \u00fa\u010dinkuj\u00ed: Maty\u00e1\u0161 Nov\u00e1k \u2013 klav\u00edrBarocco sempre giovane \u2013 komorn\u00ed soubor program: V\u00edt\u011bzslav Nov\u00e1k (1870\u20131949) \u2013 Klav\u00edrn\u00ed kvintet a\u00a0moll op. 12I. Allegro molto, II. Andante, III. Allegro risoluto p\u0159est\u00e1vka Anton\u00edn Dvo\u0159\u00e1k (1841\u20131904) \u2013 Klav\u00edrn\u00ed kvintet op. 81 \u010d. 2I. Allegro ma non tanto, II. Dumka. Andante con moto,III. Scherzo (Furiant). Molto [&hellip;]\" \/>\n<meta property=\"og:url\" content=\"https:\/\/www.matyasnovak.eu\/en\/koncerty\/matyas-novak-barocco-sempre-giovane-novy-zamek-kostelec-nad-orlici\/\" \/>\n<meta property=\"og:site_name\" content=\"Maty\u00e1\u0161 Nov\u00e1k\" \/>\n<meta property=\"article:publisher\" content=\"https:\/\/www.facebook.com\/matyasnovakpianist\/\" \/>\n<meta property=\"article:author\" content=\"https:\/\/www.facebook.com\/matyasnovakpianist\/\" \/>\n<meta property=\"article:published_time\" content=\"2025-08-10T19:07:41+00:00\" \/>\n<meta property=\"article:modified_time\" content=\"2025-08-10T19:07:43+00:00\" \/>\n<meta property=\"og:image\" content=\"https:\/\/www.matyasnovak.eu\/wp-content\/uploads\/2025\/08\/IMG_5122.jpeg\" \/>\n\t<meta property=\"og:image:width\" content=\"768\" \/>\n\t<meta property=\"og:image:height\" content=\"518\" \/>\n\t<meta property=\"og:image:type\" content=\"image\/jpeg\" \/>\n<meta name=\"author\" content=\"Maty\u00e1\u0161 Nov\u00e1k\" \/>\n<meta name=\"twitter:card\" content=\"summary_large_image\" \/>\n<meta name=\"twitter:label1\" content=\"Written by\" \/>\n\t<meta name=\"twitter:data1\" content=\"Maty\u00e1\u0161 Nov\u00e1k\" \/>\n\t<meta name=\"twitter:label2\" content=\"Estimated reading time\" \/>\n\t<meta name=\"twitter:data2\" content=\"1 minute\" \/>\n<script type=\"application\/ld+json\" class=\"yoast-schema-graph\">{\"@context\":\"https:\\\/\\\/schema.org\",\"@graph\":[{\"@type\":\"Article\",\"@id\":\"https:\\\/\\\/www.matyasnovak.eu\\\/koncerty\\\/matyas-novak-barocco-sempre-giovane-novy-zamek-kostelec-nad-orlici\\\/#article\",\"isPartOf\":{\"@id\":\"https:\\\/\\\/www.matyasnovak.eu\\\/koncerty\\\/matyas-novak-barocco-sempre-giovane-novy-zamek-kostelec-nad-orlici\\\/\"},\"author\":{\"name\":\"Maty\u00e1\u0161 Nov\u00e1k\",\"@id\":\"https:\\\/\\\/novakweb2.eu\\\/#\\\/schema\\\/person\\\/3fd5dc2f65072c5a94a64eb54623e857\"},\"headline\":\"Maty\u00e1\u0161 Nov\u00e1k &amp; Barocco sempre giovane &#8211; Nov\u00fd z\u00e1mek Kostelec nad Orlic\u00ed\",\"datePublished\":\"2025-08-10T19:07:41+00:00\",\"dateModified\":\"2025-08-10T19:07:43+00:00\",\"mainEntityOfPage\":{\"@id\":\"https:\\\/\\\/www.matyasnovak.eu\\\/koncerty\\\/matyas-novak-barocco-sempre-giovane-novy-zamek-kostelec-nad-orlici\\\/\"},\"wordCount\":83,\"publisher\":{\"@id\":\"https:\\\/\\\/novakweb2.eu\\\/#\\\/schema\\\/person\\\/3fd5dc2f65072c5a94a64eb54623e857\"},\"image\":{\"@id\":\"https:\\\/\\\/www.matyasnovak.eu\\\/koncerty\\\/matyas-novak-barocco-sempre-giovane-novy-zamek-kostelec-nad-orlici\\\/#primaryimage\"},\"thumbnailUrl\":\"https:\\\/\\\/www.matyasnovak.eu\\\/wp-content\\\/uploads\\\/2025\\\/08\\\/IMG_5122.jpeg\",\"articleSection\":[\"Koncerty\"],\"inLanguage\":\"en-GB\"},{\"@type\":\"WebPage\",\"@id\":\"https:\\\/\\\/www.matyasnovak.eu\\\/koncerty\\\/matyas-novak-barocco-sempre-giovane-novy-zamek-kostelec-nad-orlici\\\/\",\"url\":\"https:\\\/\\\/www.matyasnovak.eu\\\/koncerty\\\/matyas-novak-barocco-sempre-giovane-novy-zamek-kostelec-nad-orlici\\\/\",\"name\":\"Maty\u00e1\u0161 Nov\u00e1k &amp; Barocco sempre giovane - Nov\u00fd z\u00e1mek Kostelec nad Orlic\u00ed ~ Maty\u00e1\u0161 Nov\u00e1k\",\"isPartOf\":{\"@id\":\"https:\\\/\\\/novakweb2.eu\\\/#website\"},\"primaryImageOfPage\":{\"@id\":\"https:\\\/\\\/www.matyasnovak.eu\\\/koncerty\\\/matyas-novak-barocco-sempre-giovane-novy-zamek-kostelec-nad-orlici\\\/#primaryimage\"},\"image\":{\"@id\":\"https:\\\/\\\/www.matyasnovak.eu\\\/koncerty\\\/matyas-novak-barocco-sempre-giovane-novy-zamek-kostelec-nad-orlici\\\/#primaryimage\"},\"thumbnailUrl\":\"https:\\\/\\\/www.matyasnovak.eu\\\/wp-content\\\/uploads\\\/2025\\\/08\\\/IMG_5122.jpeg\",\"datePublished\":\"2025-08-10T19:07:41+00:00\",\"dateModified\":\"2025-08-10T19:07:43+00:00\",\"breadcrumb\":{\"@id\":\"https:\\\/\\\/www.matyasnovak.eu\\\/koncerty\\\/matyas-novak-barocco-sempre-giovane-novy-zamek-kostelec-nad-orlici\\\/#breadcrumb\"},\"inLanguage\":\"en-GB\",\"potentialAction\":[{\"@type\":\"ReadAction\",\"target\":[\"https:\\\/\\\/www.matyasnovak.eu\\\/koncerty\\\/matyas-novak-barocco-sempre-giovane-novy-zamek-kostelec-nad-orlici\\\/\"]}]},{\"@type\":\"ImageObject\",\"inLanguage\":\"en-GB\",\"@id\":\"https:\\\/\\\/www.matyasnovak.eu\\\/koncerty\\\/matyas-novak-barocco-sempre-giovane-novy-zamek-kostelec-nad-orlici\\\/#primaryimage\",\"url\":\"https:\\\/\\\/www.matyasnovak.eu\\\/wp-content\\\/uploads\\\/2025\\\/08\\\/IMG_5122.jpeg\",\"contentUrl\":\"https:\\\/\\\/www.matyasnovak.eu\\\/wp-content\\\/uploads\\\/2025\\\/08\\\/IMG_5122.jpeg\",\"width\":768,\"height\":518},{\"@type\":\"BreadcrumbList\",\"@id\":\"https:\\\/\\\/www.matyasnovak.eu\\\/koncerty\\\/matyas-novak-barocco-sempre-giovane-novy-zamek-kostelec-nad-orlici\\\/#breadcrumb\",\"itemListElement\":[{\"@type\":\"ListItem\",\"position\":1,\"name\":\"Dom\u016f\",\"item\":\"https:\\\/\\\/www.matyasnovak.eu\\\/\"},{\"@type\":\"ListItem\",\"position\":2,\"name\":\"Maty\u00e1\u0161 Nov\u00e1k &amp; Barocco sempre giovane &#8211; Nov\u00fd z\u00e1mek Kostelec nad Orlic\u00ed\"}]},{\"@type\":\"WebSite\",\"@id\":\"https:\\\/\\\/novakweb2.eu\\\/#website\",\"url\":\"https:\\\/\\\/novakweb2.eu\\\/\",\"name\":\"Maty\u00e1\u0161 Nov\u00e1k\",\"description\":\"\",\"publisher\":{\"@id\":\"https:\\\/\\\/novakweb2.eu\\\/#\\\/schema\\\/person\\\/3fd5dc2f65072c5a94a64eb54623e857\"},\"potentialAction\":[{\"@type\":\"SearchAction\",\"target\":{\"@type\":\"EntryPoint\",\"urlTemplate\":\"https:\\\/\\\/novakweb2.eu\\\/?s={search_term_string}\"},\"query-input\":{\"@type\":\"PropertyValueSpecification\",\"valueRequired\":true,\"valueName\":\"search_term_string\"}}],\"inLanguage\":\"en-GB\"},{\"@type\":[\"Person\",\"Organization\"],\"@id\":\"https:\\\/\\\/novakweb2.eu\\\/#\\\/schema\\\/person\\\/3fd5dc2f65072c5a94a64eb54623e857\",\"name\":\"Maty\u00e1\u0161 Nov\u00e1k\",\"image\":{\"@type\":\"ImageObject\",\"inLanguage\":\"en-GB\",\"@id\":\"https:\\\/\\\/www.matyasnovak.eu\\\/wp-content\\\/uploads\\\/2023\\\/07\\\/foto-lenka-hatasova7233-scaled-1.webp\",\"url\":\"https:\\\/\\\/www.matyasnovak.eu\\\/wp-content\\\/uploads\\\/2023\\\/07\\\/foto-lenka-hatasova7233-scaled-1.webp\",\"contentUrl\":\"https:\\\/\\\/www.matyasnovak.eu\\\/wp-content\\\/uploads\\\/2023\\\/07\\\/foto-lenka-hatasova7233-scaled-1.webp\",\"width\":1792,\"height\":1194,\"caption\":\"Maty\u00e1\u0161 Nov\u00e1k\"},\"logo\":{\"@id\":\"https:\\\/\\\/www.matyasnovak.eu\\\/wp-content\\\/uploads\\\/2023\\\/07\\\/foto-lenka-hatasova7233-scaled-1.webp\"},\"sameAs\":[\"https:\\\/\\\/www.matyasnovak.eu\\\/\",\"https:\\\/\\\/www.facebook.com\\\/matyasnovakpianist\\\/\",\"https:\\\/\\\/www.youtube.com\\\/@matyasnovakpianist1921\"],\"url\":\"https:\\\/\\\/www.matyasnovak.eu\\\/en\\\/author\\\/novak\\\/\"}]}<\/script>\n<!-- \/ Yoast SEO plugin. -->","yoast_head_json":{"title":"Maty\u00e1\u0161 Nov\u00e1k &amp; Barocco sempre giovane - Nov\u00fd z\u00e1mek Kostelec nad Orlic\u00ed ~ Maty\u00e1\u0161 Nov\u00e1k","robots":{"index":"index","follow":"follow","max-snippet":"max-snippet:-1","max-image-preview":"max-image-preview:large","max-video-preview":"max-video-preview:-1"},"canonical":"https:\/\/www.matyasnovak.eu\/en\/koncerty\/matyas-novak-barocco-sempre-giovane-novy-zamek-kostelec-nad-orlici\/","og_locale":"en_GB","og_type":"article","og_title":"Maty\u00e1\u0161 Nov\u00e1k &amp; Barocco sempre giovane - Nov\u00fd z\u00e1mek Kostelec nad Orlic\u00ed ~ Maty\u00e1\u0161 Nov\u00e1k","og_description":"Koncert ke\u00a0Dni boje za\u00a0svobodu a\u00a0demokracii \u00fa\u010dinkuj\u00ed: Maty\u00e1\u0161 Nov\u00e1k \u2013 klav\u00edrBarocco sempre giovane \u2013 komorn\u00ed soubor program: V\u00edt\u011bzslav Nov\u00e1k (1870\u20131949) \u2013 Klav\u00edrn\u00ed kvintet a\u00a0moll op. 12I. Allegro molto, II. Andante, III. Allegro risoluto p\u0159est\u00e1vka Anton\u00edn Dvo\u0159\u00e1k (1841\u20131904) \u2013 Klav\u00edrn\u00ed kvintet op. 81 \u010d. 2I. Allegro ma non tanto, II. Dumka. Andante con moto,III. Scherzo (Furiant). Molto [&hellip;]","og_url":"https:\/\/www.matyasnovak.eu\/en\/koncerty\/matyas-novak-barocco-sempre-giovane-novy-zamek-kostelec-nad-orlici\/","og_site_name":"Maty\u00e1\u0161 Nov\u00e1k","article_publisher":"https:\/\/www.facebook.com\/matyasnovakpianist\/","article_author":"https:\/\/www.facebook.com\/matyasnovakpianist\/","article_published_time":"2025-08-10T19:07:41+00:00","article_modified_time":"2025-08-10T19:07:43+00:00","og_image":[{"width":768,"height":518,"url":"https:\/\/www.matyasnovak.eu\/wp-content\/uploads\/2025\/08\/IMG_5122.jpeg","type":"image\/jpeg"}],"author":"Maty\u00e1\u0161 Nov\u00e1k","twitter_card":"summary_large_image","twitter_misc":{"Written by":"Maty\u00e1\u0161 Nov\u00e1k","Estimated reading time":"1 minute"},"schema":{"@context":"https:\/\/schema.org","@graph":[{"@type":"Article","@id":"https:\/\/www.matyasnovak.eu\/koncerty\/matyas-novak-barocco-sempre-giovane-novy-zamek-kostelec-nad-orlici\/#article","isPartOf":{"@id":"https:\/\/www.matyasnovak.eu\/koncerty\/matyas-novak-barocco-sempre-giovane-novy-zamek-kostelec-nad-orlici\/"},"author":{"name":"Maty\u00e1\u0161 Nov\u00e1k","@id":"https:\/\/novakweb2.eu\/#\/schema\/person\/3fd5dc2f65072c5a94a64eb54623e857"},"headline":"Maty\u00e1\u0161 Nov\u00e1k &amp; Barocco sempre giovane &#8211; Nov\u00fd z\u00e1mek Kostelec nad Orlic\u00ed","datePublished":"2025-08-10T19:07:41+00:00","dateModified":"2025-08-10T19:07:43+00:00","mainEntityOfPage":{"@id":"https:\/\/www.matyasnovak.eu\/koncerty\/matyas-novak-barocco-sempre-giovane-novy-zamek-kostelec-nad-orlici\/"},"wordCount":83,"publisher":{"@id":"https:\/\/novakweb2.eu\/#\/schema\/person\/3fd5dc2f65072c5a94a64eb54623e857"},"image":{"@id":"https:\/\/www.matyasnovak.eu\/koncerty\/matyas-novak-barocco-sempre-giovane-novy-zamek-kostelec-nad-orlici\/#primaryimage"},"thumbnailUrl":"https:\/\/www.matyasnovak.eu\/wp-content\/uploads\/2025\/08\/IMG_5122.jpeg","articleSection":["Koncerty"],"inLanguage":"en-GB"},{"@type":"WebPage","@id":"https:\/\/www.matyasnovak.eu\/koncerty\/matyas-novak-barocco-sempre-giovane-novy-zamek-kostelec-nad-orlici\/","url":"https:\/\/www.matyasnovak.eu\/koncerty\/matyas-novak-barocco-sempre-giovane-novy-zamek-kostelec-nad-orlici\/","name":"Maty\u00e1\u0161 Nov\u00e1k &amp; Barocco sempre giovane - Nov\u00fd z\u00e1mek Kostelec nad Orlic\u00ed ~ Maty\u00e1\u0161 Nov\u00e1k","isPartOf":{"@id":"https:\/\/novakweb2.eu\/#website"},"primaryImageOfPage":{"@id":"https:\/\/www.matyasnovak.eu\/koncerty\/matyas-novak-barocco-sempre-giovane-novy-zamek-kostelec-nad-orlici\/#primaryimage"},"image":{"@id":"https:\/\/www.matyasnovak.eu\/koncerty\/matyas-novak-barocco-sempre-giovane-novy-zamek-kostelec-nad-orlici\/#primaryimage"},"thumbnailUrl":"https:\/\/www.matyasnovak.eu\/wp-content\/uploads\/2025\/08\/IMG_5122.jpeg","datePublished":"2025-08-10T19:07:41+00:00","dateModified":"2025-08-10T19:07:43+00:00","breadcrumb":{"@id":"https:\/\/www.matyasnovak.eu\/koncerty\/matyas-novak-barocco-sempre-giovane-novy-zamek-kostelec-nad-orlici\/#breadcrumb"},"inLanguage":"en-GB","potentialAction":[{"@type":"ReadAction","target":["https:\/\/www.matyasnovak.eu\/koncerty\/matyas-novak-barocco-sempre-giovane-novy-zamek-kostelec-nad-orlici\/"]}]},{"@type":"ImageObject","inLanguage":"en-GB","@id":"https:\/\/www.matyasnovak.eu\/koncerty\/matyas-novak-barocco-sempre-giovane-novy-zamek-kostelec-nad-orlici\/#primaryimage","url":"https:\/\/www.matyasnovak.eu\/wp-content\/uploads\/2025\/08\/IMG_5122.jpeg","contentUrl":"https:\/\/www.matyasnovak.eu\/wp-content\/uploads\/2025\/08\/IMG_5122.jpeg","width":768,"height":518},{"@type":"BreadcrumbList","@id":"https:\/\/www.matyasnovak.eu\/koncerty\/matyas-novak-barocco-sempre-giovane-novy-zamek-kostelec-nad-orlici\/#breadcrumb","itemListElement":[{"@type":"ListItem","position":1,"name":"Dom\u016f","item":"https:\/\/www.matyasnovak.eu\/"},{"@type":"ListItem","position":2,"name":"Maty\u00e1\u0161 Nov\u00e1k &amp; Barocco sempre giovane &#8211; Nov\u00fd z\u00e1mek Kostelec nad Orlic\u00ed"}]},{"@type":"WebSite","@id":"https:\/\/novakweb2.eu\/#website","url":"https:\/\/novakweb2.eu\/","name":"Maty\u00e1\u0161 Nov\u00e1k","description":"","publisher":{"@id":"https:\/\/novakweb2.eu\/#\/schema\/person\/3fd5dc2f65072c5a94a64eb54623e857"},"potentialAction":[{"@type":"SearchAction","target":{"@type":"EntryPoint","urlTemplate":"https:\/\/novakweb2.eu\/?s={search_term_string}"},"query-input":{"@type":"PropertyValueSpecification","valueRequired":true,"valueName":"search_term_string"}}],"inLanguage":"en-GB"},{"@type":["Person","Organization"],"@id":"https:\/\/novakweb2.eu\/#\/schema\/person\/3fd5dc2f65072c5a94a64eb54623e857","name":"Maty\u00e1\u0161 Nov\u00e1k","image":{"@type":"ImageObject","inLanguage":"en-GB","@id":"https:\/\/www.matyasnovak.eu\/wp-content\/uploads\/2023\/07\/foto-lenka-hatasova7233-scaled-1.webp","url":"https:\/\/www.matyasnovak.eu\/wp-content\/uploads\/2023\/07\/foto-lenka-hatasova7233-scaled-1.webp","contentUrl":"https:\/\/www.matyasnovak.eu\/wp-content\/uploads\/2023\/07\/foto-lenka-hatasova7233-scaled-1.webp","width":1792,"height":1194,"caption":"Maty\u00e1\u0161 Nov\u00e1k"},"logo":{"@id":"https:\/\/www.matyasnovak.eu\/wp-content\/uploads\/2023\/07\/foto-lenka-hatasova7233-scaled-1.webp"},"sameAs":["https:\/\/www.matyasnovak.eu\/","https:\/\/www.facebook.com\/matyasnovakpianist\/","https:\/\/www.youtube.com\/@matyasnovakpianist1921"],"url":"https:\/\/www.matyasnovak.eu\/en\/author\/novak\/"}]}},"_links":{"self":[{"href":"https:\/\/www.matyasnovak.eu\/en\/wp-json\/wp\/v2\/posts\/7698","targetHints":{"allow":["GET"]}}],"collection":[{"href":"https:\/\/www.matyasnovak.eu\/en\/wp-json\/wp\/v2\/posts"}],"about":[{"href":"https:\/\/www.matyasnovak.eu\/en\/wp-json\/wp\/v2\/types\/post"}],"author":[{"embeddable":true,"href":"https:\/\/www.matyasnovak.eu\/en\/wp-json\/wp\/v2\/users\/2"}],"replies":[{"embeddable":true,"href":"https:\/\/www.matyasnovak.eu\/en\/wp-json\/wp\/v2\/comments?post=7698"}],"version-history":[{"count":1,"href":"https:\/\/www.matyasnovak.eu\/en\/wp-json\/wp\/v2\/posts\/7698\/revisions"}],"predecessor-version":[{"id":7700,"href":"https:\/\/www.matyasnovak.eu\/en\/wp-json\/wp\/v2\/posts\/7698\/revisions\/7700"}],"wp:featuredmedia":[{"embeddable":true,"href":"https:\/\/www.matyasnovak.eu\/en\/wp-json\/wp\/v2\/media\/7699"}],"wp:attachment":[{"href":"https:\/\/www.matyasnovak.eu\/en\/wp-json\/wp\/v2\/media?parent=7698"}],"wp:term":[{"taxonomy":"category","embeddable":true,"href":"https:\/\/www.matyasnovak.eu\/en\/wp-json\/wp\/v2\/categories?post=7698"},{"taxonomy":"post_tag","embeddable":true,"href":"https:\/\/www.matyasnovak.eu\/en\/wp-json\/wp\/v2\/tags?post=7698"}],"curies":[{"name":"wp","href":"https:\/\/api.w.org\/{rel}","templated":true}]}}