{"id":7594,"date":"2025-03-08T10:53:18","date_gmt":"2025-03-08T09:53:18","guid":{"rendered":"https:\/\/www.matyasnovak.eu\/?p=7594"},"modified":"2025-03-08T10:53:19","modified_gmt":"2025-03-08T09:53:19","slug":"klavirni-recital-ve-znameni-osmicek-loket","status":"publish","type":"post","link":"https:\/\/www.matyasnovak.eu\/en\/koncerty\/klavirni-recital-ve-znameni-osmicek-loket\/","title":{"rendered":"Klav\u00edrn\u00ed recit\u00e1l \u201eVe znamen\u00ed osmi\u010dek\u201c Loket"},"content":{"rendered":"<p>Mil\u00ed poslucha\u010di,<\/p>\n\n\n\n<p>r\u00e1d bych v\u00e1s co nejsrde\u010dn\u011bji pozval na velmi speci\u00e1ln\u00ed koncert, kter\u00fd se bude konat v Kulturn\u00edm dom\u011b Dvorana v Lokti dne 2. 4. Nazval jsem ho osmi\u010dkov\u00fd, proto\u017ee \u010d\u00edslo 8 se line jako \u010derven\u00e1 nit dramaturgi\u00ed cel\u00e9ho koncertu. 8 je osudov\u00e9 \u010d\u00edslo. \u0158ada v\u00fdznamn\u00fdch ud\u00e1lost\u00ed v historii na\u0161\u00ed zem\u011b se odehr\u00e1la v letopo\u010dtech nesouc\u00edch osmi\u010dku. Dokonce i oba protagonist\u00e9 koncertu maj\u00ed s osmi\u010dkou mnoho spole\u010dn\u00e9ho. Klav\u00edr m\u00e1 88 kl\u00e1ves a interpret se narodil v roce 1998. Tak\u00e9 sou\u010din data kon\u00e1n\u00ed koncertu d\u00e1v\u00e1 dohromady osmi\u010dku. Zcela nov\u00fd program, kter\u00fd jsem nastudoval pr\u00e1v\u011b pro osmi\u010dkov\u00fd koncert, r\u016fzn\u00fdmi zp\u016fsoby p\u0159ipom\u00edn\u00e1 \u010d\u00edslo 8. Skladby, kter\u00e9 v r\u00e1mci koncertu zazn\u00ed, jsou pomyslnou bonboni\u00e9rou klav\u00edrn\u00ed literatury a reflektuj\u00ed v\u00fdvoj hudby od klasicismu a\u017e po 20. stolet\u00ed.&nbsp;<\/p>\n\n\n\n<p>Budu se na v\u00e1s moc t\u011b\u0161it 2. dubna 2025 v kr\u00e1sn\u00e9m s\u00e1le Kulturn\u00edho domu Dvorana v Lokti.<\/p>\n\n\n\n<p>Program:<\/p>\n\n\n\n<p>Felix Mendelssohn Bartholdy: P\u00edsn\u011b beze slov, op. 38<\/p>\n\n\n\n<p>George Gershwin: T\u0159i preludia<\/p>\n\n\n\n<p>Sergej Rachmaninov: Preludia, op. 23&nbsp;(v\u00fdb\u011br)<\/p>\n\n\n\n<p>-P\u0159est\u00e1vka-<\/p>\n\n\n\n<p>Leo\u0161&nbsp;Jan\u00e1\u010dek: Son\u00e1ta 1. X. 1905<\/p>\n\n\n\n<p>C. Debussy: Svit luny (z cyklu Bergamsk\u00e1 suita)<\/p>\n\n\n\n<p>Bed\u0159ich Smetana \/ Jind\u0159ich K\u00e0an z Albestu: M\u00e1 vlast&nbsp;(v\u00fdb\u011br)<\/p>\n\n\n\n<p>Vstupenky jsou k dispozici v Kulturn\u00edm dom\u011b Dvorana v Lokti \u010di v kancel\u00e1\u0159\u00edch ZU\u0160 Horn\u00ed Slavkov na telefonu 607 691 405.<\/p>","protected":false},"excerpt":{"rendered":"<p>Mil\u00ed poslucha\u010di, r\u00e1d bych v\u00e1s co nejsrde\u010dn\u011bji pozval na velmi speci\u00e1ln\u00ed koncert, kter\u00fd se bude konat v Kulturn\u00edm dom\u011b Dvorana v Lokti dne 2. 4. Nazval jsem ho osmi\u010dkov\u00fd, proto\u017ee \u010d\u00edslo 8 se line jako \u010derven\u00e1 nit dramaturgi\u00ed cel\u00e9ho koncertu. 8 je osudov\u00e9 \u010d\u00edslo. \u0158ada v\u00fdznamn\u00fdch ud\u00e1lost\u00ed v historii na\u0161\u00ed zem\u011b se odehr\u00e1la v letopo\u010dtech [&hellip;]<\/p>\n","protected":false},"author":2,"featured_media":7595,"comment_status":"closed","ping_status":"closed","sticky":false,"template":"","format":"standard","meta":{"_acf_changed":false,"footnotes":""},"categories":[120],"tags":[],"class_list":["post-7594","post","type-post","status-publish","format-standard","has-post-thumbnail","hentry","category-koncerty"],"acf":[],"yoast_head":"<!-- This site is optimized with the Yoast SEO plugin v27.5 - https:\/\/yoast.com\/product\/yoast-seo-wordpress\/ -->\n<title>Klav\u00edrn\u00ed recit\u00e1l \u201eVe znamen\u00ed osmi\u010dek\u201c Loket ~ Maty\u00e1\u0161 Nov\u00e1k<\/title>\n<meta name=\"robots\" content=\"index, follow, max-snippet:-1, max-image-preview:large, max-video-preview:-1\" \/>\n<link rel=\"canonical\" href=\"https:\/\/www.matyasnovak.eu\/en\/koncerty\/klavirni-recital-ve-znameni-osmicek-loket\/\" \/>\n<meta property=\"og:locale\" content=\"en_GB\" \/>\n<meta property=\"og:type\" content=\"article\" \/>\n<meta property=\"og:title\" content=\"Klav\u00edrn\u00ed recit\u00e1l \u201eVe znamen\u00ed osmi\u010dek\u201c Loket ~ Maty\u00e1\u0161 Nov\u00e1k\" \/>\n<meta property=\"og:description\" content=\"Mil\u00ed poslucha\u010di, r\u00e1d bych v\u00e1s co nejsrde\u010dn\u011bji pozval na velmi speci\u00e1ln\u00ed koncert, kter\u00fd se bude konat v Kulturn\u00edm dom\u011b Dvorana v Lokti dne 2. 4. Nazval jsem ho osmi\u010dkov\u00fd, proto\u017ee \u010d\u00edslo 8 se line jako \u010derven\u00e1 nit dramaturgi\u00ed cel\u00e9ho koncertu. 8 je osudov\u00e9 \u010d\u00edslo. \u0158ada v\u00fdznamn\u00fdch ud\u00e1lost\u00ed v historii na\u0161\u00ed zem\u011b se odehr\u00e1la v letopo\u010dtech [&hellip;]\" \/>\n<meta property=\"og:url\" content=\"https:\/\/www.matyasnovak.eu\/en\/koncerty\/klavirni-recital-ve-znameni-osmicek-loket\/\" \/>\n<meta property=\"og:site_name\" content=\"Maty\u00e1\u0161 Nov\u00e1k\" \/>\n<meta property=\"article:publisher\" content=\"https:\/\/www.facebook.com\/matyasnovakpianist\/\" \/>\n<meta property=\"article:author\" content=\"https:\/\/www.facebook.com\/matyasnovakpianist\/\" \/>\n<meta property=\"article:published_time\" content=\"2025-03-08T09:53:18+00:00\" \/>\n<meta property=\"article:modified_time\" content=\"2025-03-08T09:53:19+00:00\" \/>\n<meta property=\"og:image\" content=\"https:\/\/www.matyasnovak.eu\/wp-content\/uploads\/2025\/03\/MATYAS-NOVAK-Dvorana-scaled.jpg\" \/>\n\t<meta property=\"og:image:width\" content=\"1810\" \/>\n\t<meta property=\"og:image:height\" content=\"2560\" \/>\n\t<meta property=\"og:image:type\" content=\"image\/jpeg\" \/>\n<meta name=\"author\" content=\"Maty\u00e1\u0161 Nov\u00e1k\" \/>\n<meta name=\"twitter:card\" content=\"summary_large_image\" \/>\n<meta name=\"twitter:label1\" content=\"Written by\" \/>\n\t<meta name=\"twitter:data1\" content=\"Maty\u00e1\u0161 Nov\u00e1k\" \/>\n\t<meta name=\"twitter:label2\" content=\"Estimated reading time\" \/>\n\t<meta name=\"twitter:data2\" content=\"2 minutes\" \/>\n<script type=\"application\/ld+json\" class=\"yoast-schema-graph\">{\"@context\":\"https:\\\/\\\/schema.org\",\"@graph\":[{\"@type\":\"Article\",\"@id\":\"https:\\\/\\\/www.matyasnovak.eu\\\/koncerty\\\/klavirni-recital-ve-znameni-osmicek-loket\\\/#article\",\"isPartOf\":{\"@id\":\"https:\\\/\\\/www.matyasnovak.eu\\\/koncerty\\\/klavirni-recital-ve-znameni-osmicek-loket\\\/\"},\"author\":{\"name\":\"Maty\u00e1\u0161 Nov\u00e1k\",\"@id\":\"https:\\\/\\\/novakweb2.eu\\\/#\\\/schema\\\/person\\\/3fd5dc2f65072c5a94a64eb54623e857\"},\"headline\":\"Klav\u00edrn\u00ed recit\u00e1l \u201eVe znamen\u00ed osmi\u010dek\u201c Loket\",\"datePublished\":\"2025-03-08T09:53:18+00:00\",\"dateModified\":\"2025-03-08T09:53:19+00:00\",\"mainEntityOfPage\":{\"@id\":\"https:\\\/\\\/www.matyasnovak.eu\\\/koncerty\\\/klavirni-recital-ve-znameni-osmicek-loket\\\/\"},\"wordCount\":257,\"publisher\":{\"@id\":\"https:\\\/\\\/novakweb2.eu\\\/#\\\/schema\\\/person\\\/3fd5dc2f65072c5a94a64eb54623e857\"},\"image\":{\"@id\":\"https:\\\/\\\/www.matyasnovak.eu\\\/koncerty\\\/klavirni-recital-ve-znameni-osmicek-loket\\\/#primaryimage\"},\"thumbnailUrl\":\"https:\\\/\\\/www.matyasnovak.eu\\\/wp-content\\\/uploads\\\/2025\\\/03\\\/MATYAS-NOVAK-Dvorana-scaled.jpg\",\"articleSection\":[\"Koncerty\"],\"inLanguage\":\"en-GB\"},{\"@type\":\"WebPage\",\"@id\":\"https:\\\/\\\/www.matyasnovak.eu\\\/koncerty\\\/klavirni-recital-ve-znameni-osmicek-loket\\\/\",\"url\":\"https:\\\/\\\/www.matyasnovak.eu\\\/koncerty\\\/klavirni-recital-ve-znameni-osmicek-loket\\\/\",\"name\":\"Klav\u00edrn\u00ed recit\u00e1l \u201eVe znamen\u00ed osmi\u010dek\u201c Loket ~ Maty\u00e1\u0161 Nov\u00e1k\",\"isPartOf\":{\"@id\":\"https:\\\/\\\/novakweb2.eu\\\/#website\"},\"primaryImageOfPage\":{\"@id\":\"https:\\\/\\\/www.matyasnovak.eu\\\/koncerty\\\/klavirni-recital-ve-znameni-osmicek-loket\\\/#primaryimage\"},\"image\":{\"@id\":\"https:\\\/\\\/www.matyasnovak.eu\\\/koncerty\\\/klavirni-recital-ve-znameni-osmicek-loket\\\/#primaryimage\"},\"thumbnailUrl\":\"https:\\\/\\\/www.matyasnovak.eu\\\/wp-content\\\/uploads\\\/2025\\\/03\\\/MATYAS-NOVAK-Dvorana-scaled.jpg\",\"datePublished\":\"2025-03-08T09:53:18+00:00\",\"dateModified\":\"2025-03-08T09:53:19+00:00\",\"breadcrumb\":{\"@id\":\"https:\\\/\\\/www.matyasnovak.eu\\\/koncerty\\\/klavirni-recital-ve-znameni-osmicek-loket\\\/#breadcrumb\"},\"inLanguage\":\"en-GB\",\"potentialAction\":[{\"@type\":\"ReadAction\",\"target\":[\"https:\\\/\\\/www.matyasnovak.eu\\\/koncerty\\\/klavirni-recital-ve-znameni-osmicek-loket\\\/\"]}]},{\"@type\":\"ImageObject\",\"inLanguage\":\"en-GB\",\"@id\":\"https:\\\/\\\/www.matyasnovak.eu\\\/koncerty\\\/klavirni-recital-ve-znameni-osmicek-loket\\\/#primaryimage\",\"url\":\"https:\\\/\\\/www.matyasnovak.eu\\\/wp-content\\\/uploads\\\/2025\\\/03\\\/MATYAS-NOVAK-Dvorana-scaled.jpg\",\"contentUrl\":\"https:\\\/\\\/www.matyasnovak.eu\\\/wp-content\\\/uploads\\\/2025\\\/03\\\/MATYAS-NOVAK-Dvorana-scaled.jpg\",\"width\":1810,\"height\":2560},{\"@type\":\"BreadcrumbList\",\"@id\":\"https:\\\/\\\/www.matyasnovak.eu\\\/koncerty\\\/klavirni-recital-ve-znameni-osmicek-loket\\\/#breadcrumb\",\"itemListElement\":[{\"@type\":\"ListItem\",\"position\":1,\"name\":\"Dom\u016f\",\"item\":\"https:\\\/\\\/www.matyasnovak.eu\\\/\"},{\"@type\":\"ListItem\",\"position\":2,\"name\":\"Klav\u00edrn\u00ed recit\u00e1l \u201eVe znamen\u00ed osmi\u010dek\u201c Loket\"}]},{\"@type\":\"WebSite\",\"@id\":\"https:\\\/\\\/novakweb2.eu\\\/#website\",\"url\":\"https:\\\/\\\/novakweb2.eu\\\/\",\"name\":\"Maty\u00e1\u0161 Nov\u00e1k\",\"description\":\"\",\"publisher\":{\"@id\":\"https:\\\/\\\/novakweb2.eu\\\/#\\\/schema\\\/person\\\/3fd5dc2f65072c5a94a64eb54623e857\"},\"potentialAction\":[{\"@type\":\"SearchAction\",\"target\":{\"@type\":\"EntryPoint\",\"urlTemplate\":\"https:\\\/\\\/novakweb2.eu\\\/?s={search_term_string}\"},\"query-input\":{\"@type\":\"PropertyValueSpecification\",\"valueRequired\":true,\"valueName\":\"search_term_string\"}}],\"inLanguage\":\"en-GB\"},{\"@type\":[\"Person\",\"Organization\"],\"@id\":\"https:\\\/\\\/novakweb2.eu\\\/#\\\/schema\\\/person\\\/3fd5dc2f65072c5a94a64eb54623e857\",\"name\":\"Maty\u00e1\u0161 Nov\u00e1k\",\"image\":{\"@type\":\"ImageObject\",\"inLanguage\":\"en-GB\",\"@id\":\"https:\\\/\\\/www.matyasnovak.eu\\\/wp-content\\\/uploads\\\/2023\\\/07\\\/foto-lenka-hatasova7233-scaled-1.webp\",\"url\":\"https:\\\/\\\/www.matyasnovak.eu\\\/wp-content\\\/uploads\\\/2023\\\/07\\\/foto-lenka-hatasova7233-scaled-1.webp\",\"contentUrl\":\"https:\\\/\\\/www.matyasnovak.eu\\\/wp-content\\\/uploads\\\/2023\\\/07\\\/foto-lenka-hatasova7233-scaled-1.webp\",\"width\":1792,\"height\":1194,\"caption\":\"Maty\u00e1\u0161 Nov\u00e1k\"},\"logo\":{\"@id\":\"https:\\\/\\\/www.matyasnovak.eu\\\/wp-content\\\/uploads\\\/2023\\\/07\\\/foto-lenka-hatasova7233-scaled-1.webp\"},\"sameAs\":[\"https:\\\/\\\/www.matyasnovak.eu\\\/\",\"https:\\\/\\\/www.facebook.com\\\/matyasnovakpianist\\\/\",\"https:\\\/\\\/www.youtube.com\\\/@matyasnovakpianist1921\"],\"url\":\"https:\\\/\\\/www.matyasnovak.eu\\\/en\\\/author\\\/novak\\\/\"}]}<\/script>\n<!-- \/ Yoast SEO plugin. -->","yoast_head_json":{"title":"Klav\u00edrn\u00ed recit\u00e1l \u201eVe znamen\u00ed osmi\u010dek\u201c Loket ~ Maty\u00e1\u0161 Nov\u00e1k","robots":{"index":"index","follow":"follow","max-snippet":"max-snippet:-1","max-image-preview":"max-image-preview:large","max-video-preview":"max-video-preview:-1"},"canonical":"https:\/\/www.matyasnovak.eu\/en\/koncerty\/klavirni-recital-ve-znameni-osmicek-loket\/","og_locale":"en_GB","og_type":"article","og_title":"Klav\u00edrn\u00ed recit\u00e1l \u201eVe znamen\u00ed osmi\u010dek\u201c Loket ~ Maty\u00e1\u0161 Nov\u00e1k","og_description":"Mil\u00ed poslucha\u010di, r\u00e1d bych v\u00e1s co nejsrde\u010dn\u011bji pozval na velmi speci\u00e1ln\u00ed koncert, kter\u00fd se bude konat v Kulturn\u00edm dom\u011b Dvorana v Lokti dne 2. 4. Nazval jsem ho osmi\u010dkov\u00fd, proto\u017ee \u010d\u00edslo 8 se line jako \u010derven\u00e1 nit dramaturgi\u00ed cel\u00e9ho koncertu. 8 je osudov\u00e9 \u010d\u00edslo. \u0158ada v\u00fdznamn\u00fdch ud\u00e1lost\u00ed v historii na\u0161\u00ed zem\u011b se odehr\u00e1la v letopo\u010dtech [&hellip;]","og_url":"https:\/\/www.matyasnovak.eu\/en\/koncerty\/klavirni-recital-ve-znameni-osmicek-loket\/","og_site_name":"Maty\u00e1\u0161 Nov\u00e1k","article_publisher":"https:\/\/www.facebook.com\/matyasnovakpianist\/","article_author":"https:\/\/www.facebook.com\/matyasnovakpianist\/","article_published_time":"2025-03-08T09:53:18+00:00","article_modified_time":"2025-03-08T09:53:19+00:00","og_image":[{"width":1810,"height":2560,"url":"https:\/\/www.matyasnovak.eu\/wp-content\/uploads\/2025\/03\/MATYAS-NOVAK-Dvorana-scaled.jpg","type":"image\/jpeg"}],"author":"Maty\u00e1\u0161 Nov\u00e1k","twitter_card":"summary_large_image","twitter_misc":{"Written by":"Maty\u00e1\u0161 Nov\u00e1k","Estimated reading time":"2 minutes"},"schema":{"@context":"https:\/\/schema.org","@graph":[{"@type":"Article","@id":"https:\/\/www.matyasnovak.eu\/koncerty\/klavirni-recital-ve-znameni-osmicek-loket\/#article","isPartOf":{"@id":"https:\/\/www.matyasnovak.eu\/koncerty\/klavirni-recital-ve-znameni-osmicek-loket\/"},"author":{"name":"Maty\u00e1\u0161 Nov\u00e1k","@id":"https:\/\/novakweb2.eu\/#\/schema\/person\/3fd5dc2f65072c5a94a64eb54623e857"},"headline":"Klav\u00edrn\u00ed recit\u00e1l \u201eVe znamen\u00ed osmi\u010dek\u201c Loket","datePublished":"2025-03-08T09:53:18+00:00","dateModified":"2025-03-08T09:53:19+00:00","mainEntityOfPage":{"@id":"https:\/\/www.matyasnovak.eu\/koncerty\/klavirni-recital-ve-znameni-osmicek-loket\/"},"wordCount":257,"publisher":{"@id":"https:\/\/novakweb2.eu\/#\/schema\/person\/3fd5dc2f65072c5a94a64eb54623e857"},"image":{"@id":"https:\/\/www.matyasnovak.eu\/koncerty\/klavirni-recital-ve-znameni-osmicek-loket\/#primaryimage"},"thumbnailUrl":"https:\/\/www.matyasnovak.eu\/wp-content\/uploads\/2025\/03\/MATYAS-NOVAK-Dvorana-scaled.jpg","articleSection":["Koncerty"],"inLanguage":"en-GB"},{"@type":"WebPage","@id":"https:\/\/www.matyasnovak.eu\/koncerty\/klavirni-recital-ve-znameni-osmicek-loket\/","url":"https:\/\/www.matyasnovak.eu\/koncerty\/klavirni-recital-ve-znameni-osmicek-loket\/","name":"Klav\u00edrn\u00ed recit\u00e1l \u201eVe znamen\u00ed osmi\u010dek\u201c Loket ~ Maty\u00e1\u0161 Nov\u00e1k","isPartOf":{"@id":"https:\/\/novakweb2.eu\/#website"},"primaryImageOfPage":{"@id":"https:\/\/www.matyasnovak.eu\/koncerty\/klavirni-recital-ve-znameni-osmicek-loket\/#primaryimage"},"image":{"@id":"https:\/\/www.matyasnovak.eu\/koncerty\/klavirni-recital-ve-znameni-osmicek-loket\/#primaryimage"},"thumbnailUrl":"https:\/\/www.matyasnovak.eu\/wp-content\/uploads\/2025\/03\/MATYAS-NOVAK-Dvorana-scaled.jpg","datePublished":"2025-03-08T09:53:18+00:00","dateModified":"2025-03-08T09:53:19+00:00","breadcrumb":{"@id":"https:\/\/www.matyasnovak.eu\/koncerty\/klavirni-recital-ve-znameni-osmicek-loket\/#breadcrumb"},"inLanguage":"en-GB","potentialAction":[{"@type":"ReadAction","target":["https:\/\/www.matyasnovak.eu\/koncerty\/klavirni-recital-ve-znameni-osmicek-loket\/"]}]},{"@type":"ImageObject","inLanguage":"en-GB","@id":"https:\/\/www.matyasnovak.eu\/koncerty\/klavirni-recital-ve-znameni-osmicek-loket\/#primaryimage","url":"https:\/\/www.matyasnovak.eu\/wp-content\/uploads\/2025\/03\/MATYAS-NOVAK-Dvorana-scaled.jpg","contentUrl":"https:\/\/www.matyasnovak.eu\/wp-content\/uploads\/2025\/03\/MATYAS-NOVAK-Dvorana-scaled.jpg","width":1810,"height":2560},{"@type":"BreadcrumbList","@id":"https:\/\/www.matyasnovak.eu\/koncerty\/klavirni-recital-ve-znameni-osmicek-loket\/#breadcrumb","itemListElement":[{"@type":"ListItem","position":1,"name":"Dom\u016f","item":"https:\/\/www.matyasnovak.eu\/"},{"@type":"ListItem","position":2,"name":"Klav\u00edrn\u00ed recit\u00e1l \u201eVe znamen\u00ed osmi\u010dek\u201c Loket"}]},{"@type":"WebSite","@id":"https:\/\/novakweb2.eu\/#website","url":"https:\/\/novakweb2.eu\/","name":"Maty\u00e1\u0161 Nov\u00e1k","description":"","publisher":{"@id":"https:\/\/novakweb2.eu\/#\/schema\/person\/3fd5dc2f65072c5a94a64eb54623e857"},"potentialAction":[{"@type":"SearchAction","target":{"@type":"EntryPoint","urlTemplate":"https:\/\/novakweb2.eu\/?s={search_term_string}"},"query-input":{"@type":"PropertyValueSpecification","valueRequired":true,"valueName":"search_term_string"}}],"inLanguage":"en-GB"},{"@type":["Person","Organization"],"@id":"https:\/\/novakweb2.eu\/#\/schema\/person\/3fd5dc2f65072c5a94a64eb54623e857","name":"Maty\u00e1\u0161 Nov\u00e1k","image":{"@type":"ImageObject","inLanguage":"en-GB","@id":"https:\/\/www.matyasnovak.eu\/wp-content\/uploads\/2023\/07\/foto-lenka-hatasova7233-scaled-1.webp","url":"https:\/\/www.matyasnovak.eu\/wp-content\/uploads\/2023\/07\/foto-lenka-hatasova7233-scaled-1.webp","contentUrl":"https:\/\/www.matyasnovak.eu\/wp-content\/uploads\/2023\/07\/foto-lenka-hatasova7233-scaled-1.webp","width":1792,"height":1194,"caption":"Maty\u00e1\u0161 Nov\u00e1k"},"logo":{"@id":"https:\/\/www.matyasnovak.eu\/wp-content\/uploads\/2023\/07\/foto-lenka-hatasova7233-scaled-1.webp"},"sameAs":["https:\/\/www.matyasnovak.eu\/","https:\/\/www.facebook.com\/matyasnovakpianist\/","https:\/\/www.youtube.com\/@matyasnovakpianist1921"],"url":"https:\/\/www.matyasnovak.eu\/en\/author\/novak\/"}]}},"_links":{"self":[{"href":"https:\/\/www.matyasnovak.eu\/en\/wp-json\/wp\/v2\/posts\/7594","targetHints":{"allow":["GET"]}}],"collection":[{"href":"https:\/\/www.matyasnovak.eu\/en\/wp-json\/wp\/v2\/posts"}],"about":[{"href":"https:\/\/www.matyasnovak.eu\/en\/wp-json\/wp\/v2\/types\/post"}],"author":[{"embeddable":true,"href":"https:\/\/www.matyasnovak.eu\/en\/wp-json\/wp\/v2\/users\/2"}],"replies":[{"embeddable":true,"href":"https:\/\/www.matyasnovak.eu\/en\/wp-json\/wp\/v2\/comments?post=7594"}],"version-history":[{"count":1,"href":"https:\/\/www.matyasnovak.eu\/en\/wp-json\/wp\/v2\/posts\/7594\/revisions"}],"predecessor-version":[{"id":7596,"href":"https:\/\/www.matyasnovak.eu\/en\/wp-json\/wp\/v2\/posts\/7594\/revisions\/7596"}],"wp:featuredmedia":[{"embeddable":true,"href":"https:\/\/www.matyasnovak.eu\/en\/wp-json\/wp\/v2\/media\/7595"}],"wp:attachment":[{"href":"https:\/\/www.matyasnovak.eu\/en\/wp-json\/wp\/v2\/media?parent=7594"}],"wp:term":[{"taxonomy":"category","embeddable":true,"href":"https:\/\/www.matyasnovak.eu\/en\/wp-json\/wp\/v2\/categories?post=7594"},{"taxonomy":"post_tag","embeddable":true,"href":"https:\/\/www.matyasnovak.eu\/en\/wp-json\/wp\/v2\/tags?post=7594"}],"curies":[{"name":"wp","href":"https:\/\/api.w.org\/{rel}","templated":true}]}}