{"id":7367,"date":"2024-10-31T21:26:38","date_gmt":"2024-10-31T20:26:38","guid":{"rendered":"https:\/\/www.matyasnovak.eu\/?p=7367"},"modified":"2024-10-31T21:26:39","modified_gmt":"2024-10-31T20:26:39","slug":"matyas-novak-a-barocco-sempre-giovanne-pardubice","status":"publish","type":"post","link":"https:\/\/www.matyasnovak.eu\/en\/koncerty\/matyas-novak-a-barocco-sempre-giovanne-pardubice\/","title":{"rendered":"Maty\u00e1\u0161 Nov\u00e1k a Barocco sempre giovanne &#8211; Pardubice"},"content":{"rendered":"<p>Program:<\/p>\n\n\n\n<p>V\u00edt\u011bzslav Nov\u00e1k (1870\u20131949)<br>Klav\u00edrn\u00ed kvintet a moll op. 12<br>I. Allegro molto, II. Andante, III. Allegro risoluto<\/p>\n\n\n\n<hr class=\"wp-block-separator has-alpha-channel-opacity\"\/>\n\n\n\n<p>Anton\u00edn Dvo\u0159\u00e1k (1841\u20131904)<br>Klav\u00edrn\u00ed kvintet op. 81 <br>I. Allegro ma non tanto, II. Dumka. Andante con moto,<br>III. Scherzo (Furiant). Molto vivace \u2014 Poco tranquillo<br>IV. Finale. Allegro<\/p>","protected":false},"excerpt":{"rendered":"<p>Program: V\u00edt\u011bzslav Nov\u00e1k (1870\u20131949)Klav\u00edrn\u00ed kvintet a moll op. 12I. Allegro molto, II. Andante, III. Allegro risoluto Anton\u00edn Dvo\u0159\u00e1k (1841\u20131904)Klav\u00edrn\u00ed kvintet op. 81 I. Allegro ma non tanto, II. Dumka. Andante con moto,III. Scherzo (Furiant). Molto vivace \u2014 Poco tranquilloIV. Finale. Allegro<\/p>","protected":false},"author":2,"featured_media":3043,"comment_status":"closed","ping_status":"closed","sticky":false,"template":"","format":"standard","meta":{"_acf_changed":false,"footnotes":""},"categories":[120],"tags":[],"class_list":["post-7367","post","type-post","status-publish","format-standard","has-post-thumbnail","hentry","category-koncerty"],"acf":[],"yoast_head":"<!-- This site is optimized with the Yoast SEO plugin v27.5 - https:\/\/yoast.com\/product\/yoast-seo-wordpress\/ -->\n<title>Maty\u00e1\u0161 Nov\u00e1k a Barocco sempre giovanne - Pardubice ~ Maty\u00e1\u0161 Nov\u00e1k<\/title>\n<meta name=\"robots\" content=\"index, follow, max-snippet:-1, max-image-preview:large, max-video-preview:-1\" \/>\n<link rel=\"canonical\" href=\"https:\/\/www.matyasnovak.eu\/en\/koncerty\/matyas-novak-a-barocco-sempre-giovanne-pardubice\/\" \/>\n<meta property=\"og:locale\" content=\"en_GB\" \/>\n<meta property=\"og:type\" content=\"article\" \/>\n<meta property=\"og:title\" content=\"Maty\u00e1\u0161 Nov\u00e1k a Barocco sempre giovanne - Pardubice ~ Maty\u00e1\u0161 Nov\u00e1k\" \/>\n<meta property=\"og:description\" content=\"Program: V\u00edt\u011bzslav Nov\u00e1k (1870\u20131949)Klav\u00edrn\u00ed kvintet a moll op. 12I. Allegro molto, II. Andante, III. Allegro risoluto Anton\u00edn Dvo\u0159\u00e1k (1841\u20131904)Klav\u00edrn\u00ed kvintet op. 81 I. Allegro ma non tanto, II. Dumka. Andante con moto,III. Scherzo (Furiant). Molto vivace \u2014 Poco tranquilloIV. Finale. Allegro\" \/>\n<meta property=\"og:url\" content=\"https:\/\/www.matyasnovak.eu\/en\/koncerty\/matyas-novak-a-barocco-sempre-giovanne-pardubice\/\" \/>\n<meta property=\"og:site_name\" content=\"Maty\u00e1\u0161 Nov\u00e1k\" \/>\n<meta property=\"article:publisher\" content=\"https:\/\/www.facebook.com\/matyasnovakpianist\/\" \/>\n<meta property=\"article:author\" content=\"https:\/\/www.facebook.com\/matyasnovakpianist\/\" \/>\n<meta property=\"article:published_time\" content=\"2024-10-31T20:26:38+00:00\" \/>\n<meta property=\"article:modified_time\" content=\"2024-10-31T20:26:39+00:00\" \/>\n<meta property=\"og:image\" content=\"https:\/\/www.matyasnovak.eu\/wp-content\/uploads\/2023\/04\/foto-lenka-hatasova8095-scaled.jpg\" \/>\n\t<meta property=\"og:image:width\" content=\"1709\" \/>\n\t<meta property=\"og:image:height\" content=\"2560\" \/>\n\t<meta property=\"og:image:type\" content=\"image\/jpeg\" \/>\n<meta name=\"author\" content=\"Maty\u00e1\u0161 Nov\u00e1k\" \/>\n<meta name=\"twitter:card\" content=\"summary_large_image\" \/>\n<meta name=\"twitter:label1\" content=\"Written by\" \/>\n\t<meta name=\"twitter:data1\" content=\"Maty\u00e1\u0161 Nov\u00e1k\" \/>\n\t<meta name=\"twitter:label2\" content=\"Estimated reading time\" \/>\n\t<meta name=\"twitter:data2\" content=\"1 minute\" \/>\n<script type=\"application\/ld+json\" class=\"yoast-schema-graph\">{\"@context\":\"https:\\\/\\\/schema.org\",\"@graph\":[{\"@type\":\"Article\",\"@id\":\"https:\\\/\\\/www.matyasnovak.eu\\\/koncerty\\\/matyas-novak-a-barocco-sempre-giovanne-pardubice\\\/#article\",\"isPartOf\":{\"@id\":\"https:\\\/\\\/www.matyasnovak.eu\\\/koncerty\\\/matyas-novak-a-barocco-sempre-giovanne-pardubice\\\/\"},\"author\":{\"name\":\"Maty\u00e1\u0161 Nov\u00e1k\",\"@id\":\"https:\\\/\\\/novakweb2.eu\\\/#\\\/schema\\\/person\\\/3fd5dc2f65072c5a94a64eb54623e857\"},\"headline\":\"Maty\u00e1\u0161 Nov\u00e1k a Barocco sempre giovanne &#8211; Pardubice\",\"datePublished\":\"2024-10-31T20:26:38+00:00\",\"dateModified\":\"2024-10-31T20:26:39+00:00\",\"mainEntityOfPage\":{\"@id\":\"https:\\\/\\\/www.matyasnovak.eu\\\/koncerty\\\/matyas-novak-a-barocco-sempre-giovanne-pardubice\\\/\"},\"wordCount\":56,\"publisher\":{\"@id\":\"https:\\\/\\\/novakweb2.eu\\\/#\\\/schema\\\/person\\\/3fd5dc2f65072c5a94a64eb54623e857\"},\"image\":{\"@id\":\"https:\\\/\\\/www.matyasnovak.eu\\\/koncerty\\\/matyas-novak-a-barocco-sempre-giovanne-pardubice\\\/#primaryimage\"},\"thumbnailUrl\":\"https:\\\/\\\/www.matyasnovak.eu\\\/wp-content\\\/uploads\\\/2023\\\/04\\\/foto-lenka-hatasova8095-scaled.jpg\",\"articleSection\":[\"Koncerty\"],\"inLanguage\":\"en-GB\"},{\"@type\":\"WebPage\",\"@id\":\"https:\\\/\\\/www.matyasnovak.eu\\\/koncerty\\\/matyas-novak-a-barocco-sempre-giovanne-pardubice\\\/\",\"url\":\"https:\\\/\\\/www.matyasnovak.eu\\\/koncerty\\\/matyas-novak-a-barocco-sempre-giovanne-pardubice\\\/\",\"name\":\"Maty\u00e1\u0161 Nov\u00e1k a Barocco sempre giovanne - Pardubice ~ Maty\u00e1\u0161 Nov\u00e1k\",\"isPartOf\":{\"@id\":\"https:\\\/\\\/novakweb2.eu\\\/#website\"},\"primaryImageOfPage\":{\"@id\":\"https:\\\/\\\/www.matyasnovak.eu\\\/koncerty\\\/matyas-novak-a-barocco-sempre-giovanne-pardubice\\\/#primaryimage\"},\"image\":{\"@id\":\"https:\\\/\\\/www.matyasnovak.eu\\\/koncerty\\\/matyas-novak-a-barocco-sempre-giovanne-pardubice\\\/#primaryimage\"},\"thumbnailUrl\":\"https:\\\/\\\/www.matyasnovak.eu\\\/wp-content\\\/uploads\\\/2023\\\/04\\\/foto-lenka-hatasova8095-scaled.jpg\",\"datePublished\":\"2024-10-31T20:26:38+00:00\",\"dateModified\":\"2024-10-31T20:26:39+00:00\",\"breadcrumb\":{\"@id\":\"https:\\\/\\\/www.matyasnovak.eu\\\/koncerty\\\/matyas-novak-a-barocco-sempre-giovanne-pardubice\\\/#breadcrumb\"},\"inLanguage\":\"en-GB\",\"potentialAction\":[{\"@type\":\"ReadAction\",\"target\":[\"https:\\\/\\\/www.matyasnovak.eu\\\/koncerty\\\/matyas-novak-a-barocco-sempre-giovanne-pardubice\\\/\"]}]},{\"@type\":\"ImageObject\",\"inLanguage\":\"en-GB\",\"@id\":\"https:\\\/\\\/www.matyasnovak.eu\\\/koncerty\\\/matyas-novak-a-barocco-sempre-giovanne-pardubice\\\/#primaryimage\",\"url\":\"https:\\\/\\\/www.matyasnovak.eu\\\/wp-content\\\/uploads\\\/2023\\\/04\\\/foto-lenka-hatasova8095-scaled.jpg\",\"contentUrl\":\"https:\\\/\\\/www.matyasnovak.eu\\\/wp-content\\\/uploads\\\/2023\\\/04\\\/foto-lenka-hatasova8095-scaled.jpg\",\"width\":1709,\"height\":2560,\"caption\":\"mn-galerie Maty\u00e1\u0161 Nov\u00e1k\"},{\"@type\":\"BreadcrumbList\",\"@id\":\"https:\\\/\\\/www.matyasnovak.eu\\\/koncerty\\\/matyas-novak-a-barocco-sempre-giovanne-pardubice\\\/#breadcrumb\",\"itemListElement\":[{\"@type\":\"ListItem\",\"position\":1,\"name\":\"Dom\u016f\",\"item\":\"https:\\\/\\\/www.matyasnovak.eu\\\/\"},{\"@type\":\"ListItem\",\"position\":2,\"name\":\"Maty\u00e1\u0161 Nov\u00e1k a Barocco sempre giovanne &#8211; Pardubice\"}]},{\"@type\":\"WebSite\",\"@id\":\"https:\\\/\\\/novakweb2.eu\\\/#website\",\"url\":\"https:\\\/\\\/novakweb2.eu\\\/\",\"name\":\"Maty\u00e1\u0161 Nov\u00e1k\",\"description\":\"\",\"publisher\":{\"@id\":\"https:\\\/\\\/novakweb2.eu\\\/#\\\/schema\\\/person\\\/3fd5dc2f65072c5a94a64eb54623e857\"},\"potentialAction\":[{\"@type\":\"SearchAction\",\"target\":{\"@type\":\"EntryPoint\",\"urlTemplate\":\"https:\\\/\\\/novakweb2.eu\\\/?s={search_term_string}\"},\"query-input\":{\"@type\":\"PropertyValueSpecification\",\"valueRequired\":true,\"valueName\":\"search_term_string\"}}],\"inLanguage\":\"en-GB\"},{\"@type\":[\"Person\",\"Organization\"],\"@id\":\"https:\\\/\\\/novakweb2.eu\\\/#\\\/schema\\\/person\\\/3fd5dc2f65072c5a94a64eb54623e857\",\"name\":\"Maty\u00e1\u0161 Nov\u00e1k\",\"image\":{\"@type\":\"ImageObject\",\"inLanguage\":\"en-GB\",\"@id\":\"https:\\\/\\\/www.matyasnovak.eu\\\/wp-content\\\/uploads\\\/2023\\\/07\\\/foto-lenka-hatasova7233-scaled-1.webp\",\"url\":\"https:\\\/\\\/www.matyasnovak.eu\\\/wp-content\\\/uploads\\\/2023\\\/07\\\/foto-lenka-hatasova7233-scaled-1.webp\",\"contentUrl\":\"https:\\\/\\\/www.matyasnovak.eu\\\/wp-content\\\/uploads\\\/2023\\\/07\\\/foto-lenka-hatasova7233-scaled-1.webp\",\"width\":1792,\"height\":1194,\"caption\":\"Maty\u00e1\u0161 Nov\u00e1k\"},\"logo\":{\"@id\":\"https:\\\/\\\/www.matyasnovak.eu\\\/wp-content\\\/uploads\\\/2023\\\/07\\\/foto-lenka-hatasova7233-scaled-1.webp\"},\"sameAs\":[\"https:\\\/\\\/www.matyasnovak.eu\\\/\",\"https:\\\/\\\/www.facebook.com\\\/matyasnovakpianist\\\/\",\"https:\\\/\\\/www.youtube.com\\\/@matyasnovakpianist1921\"],\"url\":\"https:\\\/\\\/www.matyasnovak.eu\\\/en\\\/author\\\/novak\\\/\"}]}<\/script>\n<!-- \/ Yoast SEO plugin. -->","yoast_head_json":{"title":"Maty\u00e1\u0161 Nov\u00e1k a Barocco sempre giovanne - Pardubice ~ Maty\u00e1\u0161 Nov\u00e1k","robots":{"index":"index","follow":"follow","max-snippet":"max-snippet:-1","max-image-preview":"max-image-preview:large","max-video-preview":"max-video-preview:-1"},"canonical":"https:\/\/www.matyasnovak.eu\/en\/koncerty\/matyas-novak-a-barocco-sempre-giovanne-pardubice\/","og_locale":"en_GB","og_type":"article","og_title":"Maty\u00e1\u0161 Nov\u00e1k a Barocco sempre giovanne - Pardubice ~ Maty\u00e1\u0161 Nov\u00e1k","og_description":"Program: V\u00edt\u011bzslav Nov\u00e1k (1870\u20131949)Klav\u00edrn\u00ed kvintet a moll op. 12I. Allegro molto, II. Andante, III. Allegro risoluto Anton\u00edn Dvo\u0159\u00e1k (1841\u20131904)Klav\u00edrn\u00ed kvintet op. 81 I. Allegro ma non tanto, II. Dumka. Andante con moto,III. Scherzo (Furiant). Molto vivace \u2014 Poco tranquilloIV. Finale. Allegro","og_url":"https:\/\/www.matyasnovak.eu\/en\/koncerty\/matyas-novak-a-barocco-sempre-giovanne-pardubice\/","og_site_name":"Maty\u00e1\u0161 Nov\u00e1k","article_publisher":"https:\/\/www.facebook.com\/matyasnovakpianist\/","article_author":"https:\/\/www.facebook.com\/matyasnovakpianist\/","article_published_time":"2024-10-31T20:26:38+00:00","article_modified_time":"2024-10-31T20:26:39+00:00","og_image":[{"width":1709,"height":2560,"url":"https:\/\/www.matyasnovak.eu\/wp-content\/uploads\/2023\/04\/foto-lenka-hatasova8095-scaled.jpg","type":"image\/jpeg"}],"author":"Maty\u00e1\u0161 Nov\u00e1k","twitter_card":"summary_large_image","twitter_misc":{"Written by":"Maty\u00e1\u0161 Nov\u00e1k","Estimated reading time":"1 minute"},"schema":{"@context":"https:\/\/schema.org","@graph":[{"@type":"Article","@id":"https:\/\/www.matyasnovak.eu\/koncerty\/matyas-novak-a-barocco-sempre-giovanne-pardubice\/#article","isPartOf":{"@id":"https:\/\/www.matyasnovak.eu\/koncerty\/matyas-novak-a-barocco-sempre-giovanne-pardubice\/"},"author":{"name":"Maty\u00e1\u0161 Nov\u00e1k","@id":"https:\/\/novakweb2.eu\/#\/schema\/person\/3fd5dc2f65072c5a94a64eb54623e857"},"headline":"Maty\u00e1\u0161 Nov\u00e1k a Barocco sempre giovanne &#8211; Pardubice","datePublished":"2024-10-31T20:26:38+00:00","dateModified":"2024-10-31T20:26:39+00:00","mainEntityOfPage":{"@id":"https:\/\/www.matyasnovak.eu\/koncerty\/matyas-novak-a-barocco-sempre-giovanne-pardubice\/"},"wordCount":56,"publisher":{"@id":"https:\/\/novakweb2.eu\/#\/schema\/person\/3fd5dc2f65072c5a94a64eb54623e857"},"image":{"@id":"https:\/\/www.matyasnovak.eu\/koncerty\/matyas-novak-a-barocco-sempre-giovanne-pardubice\/#primaryimage"},"thumbnailUrl":"https:\/\/www.matyasnovak.eu\/wp-content\/uploads\/2023\/04\/foto-lenka-hatasova8095-scaled.jpg","articleSection":["Koncerty"],"inLanguage":"en-GB"},{"@type":"WebPage","@id":"https:\/\/www.matyasnovak.eu\/koncerty\/matyas-novak-a-barocco-sempre-giovanne-pardubice\/","url":"https:\/\/www.matyasnovak.eu\/koncerty\/matyas-novak-a-barocco-sempre-giovanne-pardubice\/","name":"Maty\u00e1\u0161 Nov\u00e1k a Barocco sempre giovanne - Pardubice ~ Maty\u00e1\u0161 Nov\u00e1k","isPartOf":{"@id":"https:\/\/novakweb2.eu\/#website"},"primaryImageOfPage":{"@id":"https:\/\/www.matyasnovak.eu\/koncerty\/matyas-novak-a-barocco-sempre-giovanne-pardubice\/#primaryimage"},"image":{"@id":"https:\/\/www.matyasnovak.eu\/koncerty\/matyas-novak-a-barocco-sempre-giovanne-pardubice\/#primaryimage"},"thumbnailUrl":"https:\/\/www.matyasnovak.eu\/wp-content\/uploads\/2023\/04\/foto-lenka-hatasova8095-scaled.jpg","datePublished":"2024-10-31T20:26:38+00:00","dateModified":"2024-10-31T20:26:39+00:00","breadcrumb":{"@id":"https:\/\/www.matyasnovak.eu\/koncerty\/matyas-novak-a-barocco-sempre-giovanne-pardubice\/#breadcrumb"},"inLanguage":"en-GB","potentialAction":[{"@type":"ReadAction","target":["https:\/\/www.matyasnovak.eu\/koncerty\/matyas-novak-a-barocco-sempre-giovanne-pardubice\/"]}]},{"@type":"ImageObject","inLanguage":"en-GB","@id":"https:\/\/www.matyasnovak.eu\/koncerty\/matyas-novak-a-barocco-sempre-giovanne-pardubice\/#primaryimage","url":"https:\/\/www.matyasnovak.eu\/wp-content\/uploads\/2023\/04\/foto-lenka-hatasova8095-scaled.jpg","contentUrl":"https:\/\/www.matyasnovak.eu\/wp-content\/uploads\/2023\/04\/foto-lenka-hatasova8095-scaled.jpg","width":1709,"height":2560,"caption":"mn-galerie Maty\u00e1\u0161 Nov\u00e1k"},{"@type":"BreadcrumbList","@id":"https:\/\/www.matyasnovak.eu\/koncerty\/matyas-novak-a-barocco-sempre-giovanne-pardubice\/#breadcrumb","itemListElement":[{"@type":"ListItem","position":1,"name":"Dom\u016f","item":"https:\/\/www.matyasnovak.eu\/"},{"@type":"ListItem","position":2,"name":"Maty\u00e1\u0161 Nov\u00e1k a Barocco sempre giovanne &#8211; Pardubice"}]},{"@type":"WebSite","@id":"https:\/\/novakweb2.eu\/#website","url":"https:\/\/novakweb2.eu\/","name":"Maty\u00e1\u0161 Nov\u00e1k","description":"","publisher":{"@id":"https:\/\/novakweb2.eu\/#\/schema\/person\/3fd5dc2f65072c5a94a64eb54623e857"},"potentialAction":[{"@type":"SearchAction","target":{"@type":"EntryPoint","urlTemplate":"https:\/\/novakweb2.eu\/?s={search_term_string}"},"query-input":{"@type":"PropertyValueSpecification","valueRequired":true,"valueName":"search_term_string"}}],"inLanguage":"en-GB"},{"@type":["Person","Organization"],"@id":"https:\/\/novakweb2.eu\/#\/schema\/person\/3fd5dc2f65072c5a94a64eb54623e857","name":"Maty\u00e1\u0161 Nov\u00e1k","image":{"@type":"ImageObject","inLanguage":"en-GB","@id":"https:\/\/www.matyasnovak.eu\/wp-content\/uploads\/2023\/07\/foto-lenka-hatasova7233-scaled-1.webp","url":"https:\/\/www.matyasnovak.eu\/wp-content\/uploads\/2023\/07\/foto-lenka-hatasova7233-scaled-1.webp","contentUrl":"https:\/\/www.matyasnovak.eu\/wp-content\/uploads\/2023\/07\/foto-lenka-hatasova7233-scaled-1.webp","width":1792,"height":1194,"caption":"Maty\u00e1\u0161 Nov\u00e1k"},"logo":{"@id":"https:\/\/www.matyasnovak.eu\/wp-content\/uploads\/2023\/07\/foto-lenka-hatasova7233-scaled-1.webp"},"sameAs":["https:\/\/www.matyasnovak.eu\/","https:\/\/www.facebook.com\/matyasnovakpianist\/","https:\/\/www.youtube.com\/@matyasnovakpianist1921"],"url":"https:\/\/www.matyasnovak.eu\/en\/author\/novak\/"}]}},"_links":{"self":[{"href":"https:\/\/www.matyasnovak.eu\/en\/wp-json\/wp\/v2\/posts\/7367","targetHints":{"allow":["GET"]}}],"collection":[{"href":"https:\/\/www.matyasnovak.eu\/en\/wp-json\/wp\/v2\/posts"}],"about":[{"href":"https:\/\/www.matyasnovak.eu\/en\/wp-json\/wp\/v2\/types\/post"}],"author":[{"embeddable":true,"href":"https:\/\/www.matyasnovak.eu\/en\/wp-json\/wp\/v2\/users\/2"}],"replies":[{"embeddable":true,"href":"https:\/\/www.matyasnovak.eu\/en\/wp-json\/wp\/v2\/comments?post=7367"}],"version-history":[{"count":1,"href":"https:\/\/www.matyasnovak.eu\/en\/wp-json\/wp\/v2\/posts\/7367\/revisions"}],"predecessor-version":[{"id":7368,"href":"https:\/\/www.matyasnovak.eu\/en\/wp-json\/wp\/v2\/posts\/7367\/revisions\/7368"}],"wp:featuredmedia":[{"embeddable":true,"href":"https:\/\/www.matyasnovak.eu\/en\/wp-json\/wp\/v2\/media\/3043"}],"wp:attachment":[{"href":"https:\/\/www.matyasnovak.eu\/en\/wp-json\/wp\/v2\/media?parent=7367"}],"wp:term":[{"taxonomy":"category","embeddable":true,"href":"https:\/\/www.matyasnovak.eu\/en\/wp-json\/wp\/v2\/categories?post=7367"},{"taxonomy":"post_tag","embeddable":true,"href":"https:\/\/www.matyasnovak.eu\/en\/wp-json\/wp\/v2\/tags?post=7367"}],"curies":[{"name":"wp","href":"https:\/\/api.w.org\/{rel}","templated":true}]}}