{"id":7295,"date":"2024-08-01T11:54:16","date_gmt":"2024-08-01T09:54:16","guid":{"rendered":"https:\/\/www.matyasnovak.eu\/?p=7295"},"modified":"2024-08-01T11:54:18","modified_gmt":"2024-08-01T09:54:18","slug":"klavirni-recital-na-hranici-lidskych-moznosti-klecany","status":"publish","type":"post","link":"https:\/\/www.matyasnovak.eu\/en\/koncerty\/klavirni-recital-na-hranici-lidskych-moznosti-klecany\/","title":{"rendered":"Klav\u00edrn\u00ed recit\u00e1l \u201eNa hranici lidsk\u00fdch mo\u017enost\u00ed\u201c Klecany"},"content":{"rendered":"<blockquote class=\"wp-block-quote is-layout-flow wp-block-quote-is-layout-flow\">\n<p>Program:<\/p>\n\n\n\n<p>F. Schubert \/ F. Liszt: Labut\u00ed zp\u011bv S. 560<br>Die Stadt, Das Fischerm\u00e4dchen, Aufenthalt, Am Meer, Abschied, In der Ferne, St\u00e4ndchen &#8218;Leise flehen&#8216;, Ihr Bild, Fr\u00fchlingssehnsucht, Liebesbotschaft, Der Atlas, Der Doppelg\u00e4nger, Die Taubenpost, Kriegers Ahnung<br><br>P\u0159est\u00e1vka\u00a0<\/p>\n\n\n\n<p>L. van Beethoven \/ F. Liszt: Symfonie c moll \u010d. 5 \u201eOsudov\u00e1\u201c, S. 464<br>1. Allegro con brio<br>2. Andante con moto<br>3. Scherzo. Allegro<br>4. Allegro<\/p>\n\n\n\n<p>B. Smetana \/ M. Nov\u00e1k: Vltava<\/p>\n\n\n\n<p><\/p>\n\n\n\n<p>Koncert se kon\u00e1 v r\u00e1mci cyklu Um\u011bn\u00ed &#8211; cesta do du\u0161e v N\u00e1rodn\u00edm \u00fastavu du\u0161evn\u00edho zdrav\u00ed v Klecanech. <\/p>\n<\/blockquote>","protected":false},"excerpt":{"rendered":"<p>Program: F. Schubert \/ F. Liszt: Labut\u00ed zp\u011bv S. 560Die Stadt, Das Fischerm\u00e4dchen, Aufenthalt, Am Meer, Abschied, In der Ferne, St\u00e4ndchen &#8218;Leise flehen&#8216;, Ihr Bild, Fr\u00fchlingssehnsucht, Liebesbotschaft, Der Atlas, Der Doppelg\u00e4nger, Die Taubenpost, Kriegers Ahnung P\u0159est\u00e1vka\u00a0 L. van Beethoven \/ F. Liszt: Symfonie c moll \u010d. 5 \u201eOsudov\u00e1\u201c, S. 4641. Allegro con brio2. Andante con [&hellip;]<\/p>\n","protected":false},"author":2,"featured_media":4485,"comment_status":"closed","ping_status":"closed","sticky":false,"template":"","format":"standard","meta":{"_acf_changed":false,"footnotes":""},"categories":[120],"tags":[],"class_list":["post-7295","post","type-post","status-publish","format-standard","has-post-thumbnail","hentry","category-koncerty"],"acf":[],"yoast_head":"<!-- This site is optimized with the Yoast SEO plugin v27.4 - https:\/\/yoast.com\/product\/yoast-seo-wordpress\/ -->\n<title>Klav\u00edrn\u00ed recit\u00e1l \u201eNa hranici lidsk\u00fdch mo\u017enost\u00ed\u201c Klecany ~ Maty\u00e1\u0161 Nov\u00e1k<\/title>\n<meta name=\"robots\" content=\"index, follow, max-snippet:-1, max-image-preview:large, max-video-preview:-1\" \/>\n<link rel=\"canonical\" href=\"https:\/\/www.matyasnovak.eu\/en\/koncerty\/klavirni-recital-na-hranici-lidskych-moznosti-klecany\/\" \/>\n<meta property=\"og:locale\" content=\"en_GB\" \/>\n<meta property=\"og:type\" content=\"article\" \/>\n<meta property=\"og:title\" content=\"Klav\u00edrn\u00ed recit\u00e1l \u201eNa hranici lidsk\u00fdch mo\u017enost\u00ed\u201c Klecany ~ Maty\u00e1\u0161 Nov\u00e1k\" \/>\n<meta property=\"og:description\" content=\"Program: F. Schubert \/ F. Liszt: Labut\u00ed zp\u011bv S. 560Die Stadt, Das Fischerm\u00e4dchen, Aufenthalt, Am Meer, Abschied, In der Ferne, St\u00e4ndchen &#8218;Leise flehen&#8216;, Ihr Bild, Fr\u00fchlingssehnsucht, Liebesbotschaft, Der Atlas, Der Doppelg\u00e4nger, Die Taubenpost, Kriegers Ahnung P\u0159est\u00e1vka\u00a0 L. van Beethoven \/ F. Liszt: Symfonie c moll \u010d. 5 \u201eOsudov\u00e1\u201c, S. 4641. Allegro con brio2. Andante con [&hellip;]\" \/>\n<meta property=\"og:url\" content=\"https:\/\/www.matyasnovak.eu\/en\/koncerty\/klavirni-recital-na-hranici-lidskych-moznosti-klecany\/\" \/>\n<meta property=\"og:site_name\" content=\"Maty\u00e1\u0161 Nov\u00e1k\" \/>\n<meta property=\"article:publisher\" content=\"https:\/\/www.facebook.com\/matyasnovakpianist\/\" \/>\n<meta property=\"article:author\" content=\"https:\/\/www.facebook.com\/matyasnovakpianist\/\" \/>\n<meta property=\"article:published_time\" content=\"2024-08-01T09:54:16+00:00\" \/>\n<meta property=\"article:modified_time\" content=\"2024-08-01T09:54:18+00:00\" \/>\n<meta property=\"og:image\" content=\"https:\/\/www.matyasnovak.eu\/wp-content\/uploads\/2023\/07\/foto-lenka-hatasova7168-scaled-1.webp\" \/>\n\t<meta property=\"og:image:width\" content=\"1792\" \/>\n\t<meta property=\"og:image:height\" content=\"1270\" \/>\n\t<meta property=\"og:image:type\" content=\"image\/webp\" \/>\n<meta name=\"author\" content=\"Maty\u00e1\u0161 Nov\u00e1k\" \/>\n<meta name=\"twitter:card\" content=\"summary_large_image\" \/>\n<meta name=\"twitter:label1\" content=\"Written by\" \/>\n\t<meta name=\"twitter:data1\" content=\"Maty\u00e1\u0161 Nov\u00e1k\" \/>\n\t<meta name=\"twitter:label2\" content=\"Estimated reading time\" \/>\n\t<meta name=\"twitter:data2\" content=\"1 minute\" \/>\n<script type=\"application\/ld+json\" class=\"yoast-schema-graph\">{\"@context\":\"https:\\\/\\\/schema.org\",\"@graph\":[{\"@type\":\"Article\",\"@id\":\"https:\\\/\\\/www.matyasnovak.eu\\\/koncerty\\\/klavirni-recital-na-hranici-lidskych-moznosti-klecany\\\/#article\",\"isPartOf\":{\"@id\":\"https:\\\/\\\/www.matyasnovak.eu\\\/koncerty\\\/klavirni-recital-na-hranici-lidskych-moznosti-klecany\\\/\"},\"author\":{\"name\":\"Maty\u00e1\u0161 Nov\u00e1k\",\"@id\":\"https:\\\/\\\/novakweb2.eu\\\/#\\\/schema\\\/person\\\/3fd5dc2f65072c5a94a64eb54623e857\"},\"headline\":\"Klav\u00edrn\u00ed recit\u00e1l \u201eNa hranici lidsk\u00fdch mo\u017enost\u00ed\u201c Klecany\",\"datePublished\":\"2024-08-01T09:54:16+00:00\",\"dateModified\":\"2024-08-01T09:54:18+00:00\",\"mainEntityOfPage\":{\"@id\":\"https:\\\/\\\/www.matyasnovak.eu\\\/koncerty\\\/klavirni-recital-na-hranici-lidskych-moznosti-klecany\\\/\"},\"wordCount\":103,\"publisher\":{\"@id\":\"https:\\\/\\\/novakweb2.eu\\\/#\\\/schema\\\/person\\\/3fd5dc2f65072c5a94a64eb54623e857\"},\"image\":{\"@id\":\"https:\\\/\\\/www.matyasnovak.eu\\\/koncerty\\\/klavirni-recital-na-hranici-lidskych-moznosti-klecany\\\/#primaryimage\"},\"thumbnailUrl\":\"https:\\\/\\\/www.matyasnovak.eu\\\/wp-content\\\/uploads\\\/2023\\\/07\\\/foto-lenka-hatasova7168-scaled-1.webp\",\"articleSection\":[\"Koncerty\"],\"inLanguage\":\"en-GB\"},{\"@type\":\"WebPage\",\"@id\":\"https:\\\/\\\/www.matyasnovak.eu\\\/koncerty\\\/klavirni-recital-na-hranici-lidskych-moznosti-klecany\\\/\",\"url\":\"https:\\\/\\\/www.matyasnovak.eu\\\/koncerty\\\/klavirni-recital-na-hranici-lidskych-moznosti-klecany\\\/\",\"name\":\"Klav\u00edrn\u00ed recit\u00e1l \u201eNa hranici lidsk\u00fdch mo\u017enost\u00ed\u201c Klecany ~ Maty\u00e1\u0161 Nov\u00e1k\",\"isPartOf\":{\"@id\":\"https:\\\/\\\/novakweb2.eu\\\/#website\"},\"primaryImageOfPage\":{\"@id\":\"https:\\\/\\\/www.matyasnovak.eu\\\/koncerty\\\/klavirni-recital-na-hranici-lidskych-moznosti-klecany\\\/#primaryimage\"},\"image\":{\"@id\":\"https:\\\/\\\/www.matyasnovak.eu\\\/koncerty\\\/klavirni-recital-na-hranici-lidskych-moznosti-klecany\\\/#primaryimage\"},\"thumbnailUrl\":\"https:\\\/\\\/www.matyasnovak.eu\\\/wp-content\\\/uploads\\\/2023\\\/07\\\/foto-lenka-hatasova7168-scaled-1.webp\",\"datePublished\":\"2024-08-01T09:54:16+00:00\",\"dateModified\":\"2024-08-01T09:54:18+00:00\",\"breadcrumb\":{\"@id\":\"https:\\\/\\\/www.matyasnovak.eu\\\/koncerty\\\/klavirni-recital-na-hranici-lidskych-moznosti-klecany\\\/#breadcrumb\"},\"inLanguage\":\"en-GB\",\"potentialAction\":[{\"@type\":\"ReadAction\",\"target\":[\"https:\\\/\\\/www.matyasnovak.eu\\\/koncerty\\\/klavirni-recital-na-hranici-lidskych-moznosti-klecany\\\/\"]}]},{\"@type\":\"ImageObject\",\"inLanguage\":\"en-GB\",\"@id\":\"https:\\\/\\\/www.matyasnovak.eu\\\/koncerty\\\/klavirni-recital-na-hranici-lidskych-moznosti-klecany\\\/#primaryimage\",\"url\":\"https:\\\/\\\/www.matyasnovak.eu\\\/wp-content\\\/uploads\\\/2023\\\/07\\\/foto-lenka-hatasova7168-scaled-1.webp\",\"contentUrl\":\"https:\\\/\\\/www.matyasnovak.eu\\\/wp-content\\\/uploads\\\/2023\\\/07\\\/foto-lenka-hatasova7168-scaled-1.webp\",\"width\":1792,\"height\":1270},{\"@type\":\"BreadcrumbList\",\"@id\":\"https:\\\/\\\/www.matyasnovak.eu\\\/koncerty\\\/klavirni-recital-na-hranici-lidskych-moznosti-klecany\\\/#breadcrumb\",\"itemListElement\":[{\"@type\":\"ListItem\",\"position\":1,\"name\":\"Dom\u016f\",\"item\":\"https:\\\/\\\/www.matyasnovak.eu\\\/\"},{\"@type\":\"ListItem\",\"position\":2,\"name\":\"Klav\u00edrn\u00ed recit\u00e1l \u201eNa hranici lidsk\u00fdch mo\u017enost\u00ed\u201c Klecany\"}]},{\"@type\":\"WebSite\",\"@id\":\"https:\\\/\\\/novakweb2.eu\\\/#website\",\"url\":\"https:\\\/\\\/novakweb2.eu\\\/\",\"name\":\"Maty\u00e1\u0161 Nov\u00e1k\",\"description\":\"\",\"publisher\":{\"@id\":\"https:\\\/\\\/novakweb2.eu\\\/#\\\/schema\\\/person\\\/3fd5dc2f65072c5a94a64eb54623e857\"},\"potentialAction\":[{\"@type\":\"SearchAction\",\"target\":{\"@type\":\"EntryPoint\",\"urlTemplate\":\"https:\\\/\\\/novakweb2.eu\\\/?s={search_term_string}\"},\"query-input\":{\"@type\":\"PropertyValueSpecification\",\"valueRequired\":true,\"valueName\":\"search_term_string\"}}],\"inLanguage\":\"en-GB\"},{\"@type\":[\"Person\",\"Organization\"],\"@id\":\"https:\\\/\\\/novakweb2.eu\\\/#\\\/schema\\\/person\\\/3fd5dc2f65072c5a94a64eb54623e857\",\"name\":\"Maty\u00e1\u0161 Nov\u00e1k\",\"image\":{\"@type\":\"ImageObject\",\"inLanguage\":\"en-GB\",\"@id\":\"https:\\\/\\\/www.matyasnovak.eu\\\/wp-content\\\/uploads\\\/2023\\\/07\\\/foto-lenka-hatasova7233-scaled-1.webp\",\"url\":\"https:\\\/\\\/www.matyasnovak.eu\\\/wp-content\\\/uploads\\\/2023\\\/07\\\/foto-lenka-hatasova7233-scaled-1.webp\",\"contentUrl\":\"https:\\\/\\\/www.matyasnovak.eu\\\/wp-content\\\/uploads\\\/2023\\\/07\\\/foto-lenka-hatasova7233-scaled-1.webp\",\"width\":1792,\"height\":1194,\"caption\":\"Maty\u00e1\u0161 Nov\u00e1k\"},\"logo\":{\"@id\":\"https:\\\/\\\/www.matyasnovak.eu\\\/wp-content\\\/uploads\\\/2023\\\/07\\\/foto-lenka-hatasova7233-scaled-1.webp\"},\"sameAs\":[\"https:\\\/\\\/www.matyasnovak.eu\\\/\",\"https:\\\/\\\/www.facebook.com\\\/matyasnovakpianist\\\/\",\"https:\\\/\\\/www.youtube.com\\\/@matyasnovakpianist1921\"],\"url\":\"https:\\\/\\\/www.matyasnovak.eu\\\/en\\\/author\\\/novak\\\/\"}]}<\/script>\n<!-- \/ Yoast SEO plugin. -->","yoast_head_json":{"title":"Klav\u00edrn\u00ed recit\u00e1l \u201eNa hranici lidsk\u00fdch mo\u017enost\u00ed\u201c Klecany ~ Maty\u00e1\u0161 Nov\u00e1k","robots":{"index":"index","follow":"follow","max-snippet":"max-snippet:-1","max-image-preview":"max-image-preview:large","max-video-preview":"max-video-preview:-1"},"canonical":"https:\/\/www.matyasnovak.eu\/en\/koncerty\/klavirni-recital-na-hranici-lidskych-moznosti-klecany\/","og_locale":"en_GB","og_type":"article","og_title":"Klav\u00edrn\u00ed recit\u00e1l \u201eNa hranici lidsk\u00fdch mo\u017enost\u00ed\u201c Klecany ~ Maty\u00e1\u0161 Nov\u00e1k","og_description":"Program: F. Schubert \/ F. Liszt: Labut\u00ed zp\u011bv S. 560Die Stadt, Das Fischerm\u00e4dchen, Aufenthalt, Am Meer, Abschied, In der Ferne, St\u00e4ndchen &#8218;Leise flehen&#8216;, Ihr Bild, Fr\u00fchlingssehnsucht, Liebesbotschaft, Der Atlas, Der Doppelg\u00e4nger, Die Taubenpost, Kriegers Ahnung P\u0159est\u00e1vka\u00a0 L. van Beethoven \/ F. Liszt: Symfonie c moll \u010d. 5 \u201eOsudov\u00e1\u201c, S. 4641. Allegro con brio2. Andante con [&hellip;]","og_url":"https:\/\/www.matyasnovak.eu\/en\/koncerty\/klavirni-recital-na-hranici-lidskych-moznosti-klecany\/","og_site_name":"Maty\u00e1\u0161 Nov\u00e1k","article_publisher":"https:\/\/www.facebook.com\/matyasnovakpianist\/","article_author":"https:\/\/www.facebook.com\/matyasnovakpianist\/","article_published_time":"2024-08-01T09:54:16+00:00","article_modified_time":"2024-08-01T09:54:18+00:00","og_image":[{"width":1792,"height":1270,"url":"https:\/\/www.matyasnovak.eu\/wp-content\/uploads\/2023\/07\/foto-lenka-hatasova7168-scaled-1.webp","type":"image\/webp"}],"author":"Maty\u00e1\u0161 Nov\u00e1k","twitter_card":"summary_large_image","twitter_misc":{"Written by":"Maty\u00e1\u0161 Nov\u00e1k","Estimated reading time":"1 minute"},"schema":{"@context":"https:\/\/schema.org","@graph":[{"@type":"Article","@id":"https:\/\/www.matyasnovak.eu\/koncerty\/klavirni-recital-na-hranici-lidskych-moznosti-klecany\/#article","isPartOf":{"@id":"https:\/\/www.matyasnovak.eu\/koncerty\/klavirni-recital-na-hranici-lidskych-moznosti-klecany\/"},"author":{"name":"Maty\u00e1\u0161 Nov\u00e1k","@id":"https:\/\/novakweb2.eu\/#\/schema\/person\/3fd5dc2f65072c5a94a64eb54623e857"},"headline":"Klav\u00edrn\u00ed recit\u00e1l \u201eNa hranici lidsk\u00fdch mo\u017enost\u00ed\u201c Klecany","datePublished":"2024-08-01T09:54:16+00:00","dateModified":"2024-08-01T09:54:18+00:00","mainEntityOfPage":{"@id":"https:\/\/www.matyasnovak.eu\/koncerty\/klavirni-recital-na-hranici-lidskych-moznosti-klecany\/"},"wordCount":103,"publisher":{"@id":"https:\/\/novakweb2.eu\/#\/schema\/person\/3fd5dc2f65072c5a94a64eb54623e857"},"image":{"@id":"https:\/\/www.matyasnovak.eu\/koncerty\/klavirni-recital-na-hranici-lidskych-moznosti-klecany\/#primaryimage"},"thumbnailUrl":"https:\/\/www.matyasnovak.eu\/wp-content\/uploads\/2023\/07\/foto-lenka-hatasova7168-scaled-1.webp","articleSection":["Koncerty"],"inLanguage":"en-GB"},{"@type":"WebPage","@id":"https:\/\/www.matyasnovak.eu\/koncerty\/klavirni-recital-na-hranici-lidskych-moznosti-klecany\/","url":"https:\/\/www.matyasnovak.eu\/koncerty\/klavirni-recital-na-hranici-lidskych-moznosti-klecany\/","name":"Klav\u00edrn\u00ed recit\u00e1l \u201eNa hranici lidsk\u00fdch mo\u017enost\u00ed\u201c Klecany ~ Maty\u00e1\u0161 Nov\u00e1k","isPartOf":{"@id":"https:\/\/novakweb2.eu\/#website"},"primaryImageOfPage":{"@id":"https:\/\/www.matyasnovak.eu\/koncerty\/klavirni-recital-na-hranici-lidskych-moznosti-klecany\/#primaryimage"},"image":{"@id":"https:\/\/www.matyasnovak.eu\/koncerty\/klavirni-recital-na-hranici-lidskych-moznosti-klecany\/#primaryimage"},"thumbnailUrl":"https:\/\/www.matyasnovak.eu\/wp-content\/uploads\/2023\/07\/foto-lenka-hatasova7168-scaled-1.webp","datePublished":"2024-08-01T09:54:16+00:00","dateModified":"2024-08-01T09:54:18+00:00","breadcrumb":{"@id":"https:\/\/www.matyasnovak.eu\/koncerty\/klavirni-recital-na-hranici-lidskych-moznosti-klecany\/#breadcrumb"},"inLanguage":"en-GB","potentialAction":[{"@type":"ReadAction","target":["https:\/\/www.matyasnovak.eu\/koncerty\/klavirni-recital-na-hranici-lidskych-moznosti-klecany\/"]}]},{"@type":"ImageObject","inLanguage":"en-GB","@id":"https:\/\/www.matyasnovak.eu\/koncerty\/klavirni-recital-na-hranici-lidskych-moznosti-klecany\/#primaryimage","url":"https:\/\/www.matyasnovak.eu\/wp-content\/uploads\/2023\/07\/foto-lenka-hatasova7168-scaled-1.webp","contentUrl":"https:\/\/www.matyasnovak.eu\/wp-content\/uploads\/2023\/07\/foto-lenka-hatasova7168-scaled-1.webp","width":1792,"height":1270},{"@type":"BreadcrumbList","@id":"https:\/\/www.matyasnovak.eu\/koncerty\/klavirni-recital-na-hranici-lidskych-moznosti-klecany\/#breadcrumb","itemListElement":[{"@type":"ListItem","position":1,"name":"Dom\u016f","item":"https:\/\/www.matyasnovak.eu\/"},{"@type":"ListItem","position":2,"name":"Klav\u00edrn\u00ed recit\u00e1l \u201eNa hranici lidsk\u00fdch mo\u017enost\u00ed\u201c Klecany"}]},{"@type":"WebSite","@id":"https:\/\/novakweb2.eu\/#website","url":"https:\/\/novakweb2.eu\/","name":"Maty\u00e1\u0161 Nov\u00e1k","description":"","publisher":{"@id":"https:\/\/novakweb2.eu\/#\/schema\/person\/3fd5dc2f65072c5a94a64eb54623e857"},"potentialAction":[{"@type":"SearchAction","target":{"@type":"EntryPoint","urlTemplate":"https:\/\/novakweb2.eu\/?s={search_term_string}"},"query-input":{"@type":"PropertyValueSpecification","valueRequired":true,"valueName":"search_term_string"}}],"inLanguage":"en-GB"},{"@type":["Person","Organization"],"@id":"https:\/\/novakweb2.eu\/#\/schema\/person\/3fd5dc2f65072c5a94a64eb54623e857","name":"Maty\u00e1\u0161 Nov\u00e1k","image":{"@type":"ImageObject","inLanguage":"en-GB","@id":"https:\/\/www.matyasnovak.eu\/wp-content\/uploads\/2023\/07\/foto-lenka-hatasova7233-scaled-1.webp","url":"https:\/\/www.matyasnovak.eu\/wp-content\/uploads\/2023\/07\/foto-lenka-hatasova7233-scaled-1.webp","contentUrl":"https:\/\/www.matyasnovak.eu\/wp-content\/uploads\/2023\/07\/foto-lenka-hatasova7233-scaled-1.webp","width":1792,"height":1194,"caption":"Maty\u00e1\u0161 Nov\u00e1k"},"logo":{"@id":"https:\/\/www.matyasnovak.eu\/wp-content\/uploads\/2023\/07\/foto-lenka-hatasova7233-scaled-1.webp"},"sameAs":["https:\/\/www.matyasnovak.eu\/","https:\/\/www.facebook.com\/matyasnovakpianist\/","https:\/\/www.youtube.com\/@matyasnovakpianist1921"],"url":"https:\/\/www.matyasnovak.eu\/en\/author\/novak\/"}]}},"_links":{"self":[{"href":"https:\/\/www.matyasnovak.eu\/en\/wp-json\/wp\/v2\/posts\/7295","targetHints":{"allow":["GET"]}}],"collection":[{"href":"https:\/\/www.matyasnovak.eu\/en\/wp-json\/wp\/v2\/posts"}],"about":[{"href":"https:\/\/www.matyasnovak.eu\/en\/wp-json\/wp\/v2\/types\/post"}],"author":[{"embeddable":true,"href":"https:\/\/www.matyasnovak.eu\/en\/wp-json\/wp\/v2\/users\/2"}],"replies":[{"embeddable":true,"href":"https:\/\/www.matyasnovak.eu\/en\/wp-json\/wp\/v2\/comments?post=7295"}],"version-history":[{"count":2,"href":"https:\/\/www.matyasnovak.eu\/en\/wp-json\/wp\/v2\/posts\/7295\/revisions"}],"predecessor-version":[{"id":7297,"href":"https:\/\/www.matyasnovak.eu\/en\/wp-json\/wp\/v2\/posts\/7295\/revisions\/7297"}],"wp:featuredmedia":[{"embeddable":true,"href":"https:\/\/www.matyasnovak.eu\/en\/wp-json\/wp\/v2\/media\/4485"}],"wp:attachment":[{"href":"https:\/\/www.matyasnovak.eu\/en\/wp-json\/wp\/v2\/media?parent=7295"}],"wp:term":[{"taxonomy":"category","embeddable":true,"href":"https:\/\/www.matyasnovak.eu\/en\/wp-json\/wp\/v2\/categories?post=7295"},{"taxonomy":"post_tag","embeddable":true,"href":"https:\/\/www.matyasnovak.eu\/en\/wp-json\/wp\/v2\/tags?post=7295"}],"curies":[{"name":"wp","href":"https:\/\/api.w.org\/{rel}","templated":true}]}}