{"id":7056,"date":"2024-02-04T13:09:25","date_gmt":"2024-02-04T12:09:25","guid":{"rendered":"https:\/\/www.matyasnovak.eu\/?p=7056"},"modified":"2024-03-04T11:24:21","modified_gmt":"2024-03-04T10:24:21","slug":"umeni-cesta-do-duse-koncert-v-narodnim-ustavu-dusevniho-zdravi-klecany","status":"publish","type":"post","link":"https:\/\/www.matyasnovak.eu\/en\/koncerty\/umeni-cesta-do-duse-koncert-v-narodnim-ustavu-dusevniho-zdravi-klecany\/","title":{"rendered":"Um\u011bn\u00ed &#8211; cesta do du\u0161e. Koncert v N\u00e1rodn\u00edm \u00fastavu du\u0161evn\u00edho zdrav\u00ed Klecany"},"content":{"rendered":"<p><strong>\u00da\u010dinkuj\u00ed:<\/strong><br>Maty\u00e1\u0161 Nov\u00e1k \u2013 klav\u00edr<br>Praga Camerata Quintet:<br>Lucie Sedl\u00e1kov\u00e1 H\u016flov\u00e1 \u2013 1. housle<br>Eva Nykr\u00fdnov\u00e1 \u2013 2. housle<br>Jan Nykr\u00fdn \u2013 viola<br>Martin Sedl\u00e1k \u2013 violoncello<br>Jakub Waldmann \u2013 kontrabas<\/p>\n\n\n\n<p><strong>Program:<\/strong><br>Bed\u0159ich Smetana (1824 \u2013 1884) \u2013 \u010cesk\u00e9 tance, 2. \u0159ada<br>1. Furiant<br>2. Slepi\u010dka<br>3. Oves<br>4. Medv\u011bd<br>5. Cibula\u010dka<br>6. Dup\u00e1k<br>7. Hul\u00e1n<br>8. Obkro\u010d\u00e1k<br>9. Sousedsk\u00e1<br>10. Sko\u010dn\u00e1<br><\/p>\n\n\n\n<p>Sergej Rachmaninov (1873-1943) \u2013 Klav\u00edrn\u00ed koncert \u010d. 2 c moll, op. 18<br>v \u00faprav\u011b pro klav\u00edr a smy\u010dcov\u00e9 kvinteto (Jeremy Liu)<br>Moderato<br>Adagio sostenuto<br>Allegro scherzando<\/p>","protected":false},"excerpt":{"rendered":"<p>\u00da\u010dinkuj\u00ed:Maty\u00e1\u0161 Nov\u00e1k \u2013 klav\u00edrPraga Camerata Quintet:Lucie Sedl\u00e1kov\u00e1 H\u016flov\u00e1 \u2013 1. housleEva Nykr\u00fdnov\u00e1 \u2013 2. housleJan Nykr\u00fdn \u2013 violaMartin Sedl\u00e1k \u2013 violoncelloJakub Waldmann \u2013 kontrabas Program:Bed\u0159ich Smetana (1824 \u2013 1884) \u2013 \u010cesk\u00e9 tance, 2. \u0159ada1. Furiant2. Slepi\u010dka3. Oves4. Medv\u011bd5. Cibula\u010dka6. Dup\u00e1k7. Hul\u00e1n8. Obkro\u010d\u00e1k9. Sousedsk\u00e110. Sko\u010dn\u00e1 Sergej Rachmaninov (1873-1943) \u2013 Klav\u00edrn\u00ed koncert \u010d. 2 c moll, op. [&hellip;]<\/p>\n","protected":false},"author":2,"featured_media":4488,"comment_status":"closed","ping_status":"closed","sticky":false,"template":"","format":"standard","meta":{"_acf_changed":false,"footnotes":""},"categories":[120],"tags":[],"class_list":["post-7056","post","type-post","status-publish","format-standard","has-post-thumbnail","hentry","category-koncerty"],"acf":[],"yoast_head":"<!-- This site is optimized with the Yoast SEO plugin v27.5 - https:\/\/yoast.com\/product\/yoast-seo-wordpress\/ -->\n<title>Um\u011bn\u00ed - cesta do du\u0161e. Koncert v N\u00e1rodn\u00edm \u00fastavu du\u0161evn\u00edho zdrav\u00ed Klecany ~ Maty\u00e1\u0161 Nov\u00e1k<\/title>\n<meta name=\"robots\" content=\"index, follow, max-snippet:-1, max-image-preview:large, max-video-preview:-1\" \/>\n<link rel=\"canonical\" href=\"https:\/\/www.matyasnovak.eu\/en\/koncerty\/umeni-cesta-do-duse-koncert-v-narodnim-ustavu-dusevniho-zdravi-klecany\/\" \/>\n<meta property=\"og:locale\" content=\"en_GB\" \/>\n<meta property=\"og:type\" content=\"article\" \/>\n<meta property=\"og:title\" content=\"Um\u011bn\u00ed - cesta do du\u0161e. Koncert v N\u00e1rodn\u00edm \u00fastavu du\u0161evn\u00edho zdrav\u00ed Klecany ~ Maty\u00e1\u0161 Nov\u00e1k\" \/>\n<meta property=\"og:description\" content=\"\u00da\u010dinkuj\u00ed:Maty\u00e1\u0161 Nov\u00e1k \u2013 klav\u00edrPraga Camerata Quintet:Lucie Sedl\u00e1kov\u00e1 H\u016flov\u00e1 \u2013 1. housleEva Nykr\u00fdnov\u00e1 \u2013 2. housleJan Nykr\u00fdn \u2013 violaMartin Sedl\u00e1k \u2013 violoncelloJakub Waldmann \u2013 kontrabas Program:Bed\u0159ich Smetana (1824 \u2013 1884) \u2013 \u010cesk\u00e9 tance, 2. \u0159ada1. Furiant2. Slepi\u010dka3. Oves4. Medv\u011bd5. Cibula\u010dka6. Dup\u00e1k7. Hul\u00e1n8. Obkro\u010d\u00e1k9. Sousedsk\u00e110. Sko\u010dn\u00e1 Sergej Rachmaninov (1873-1943) \u2013 Klav\u00edrn\u00ed koncert \u010d. 2 c moll, op. [&hellip;]\" \/>\n<meta property=\"og:url\" content=\"https:\/\/www.matyasnovak.eu\/en\/koncerty\/umeni-cesta-do-duse-koncert-v-narodnim-ustavu-dusevniho-zdravi-klecany\/\" \/>\n<meta property=\"og:site_name\" content=\"Maty\u00e1\u0161 Nov\u00e1k\" \/>\n<meta property=\"article:publisher\" content=\"https:\/\/www.facebook.com\/matyasnovakpianist\/\" \/>\n<meta property=\"article:author\" content=\"https:\/\/www.facebook.com\/matyasnovakpianist\/\" \/>\n<meta property=\"article:published_time\" content=\"2024-02-04T12:09:25+00:00\" \/>\n<meta property=\"article:modified_time\" content=\"2024-03-04T10:24:21+00:00\" \/>\n<meta property=\"og:image\" content=\"https:\/\/www.matyasnovak.eu\/wp-content\/uploads\/2023\/07\/foto-lenka-hatasova7493-scaled-1.webp\" \/>\n\t<meta property=\"og:image:width\" content=\"1411\" \/>\n\t<meta property=\"og:image:height\" content=\"1792\" \/>\n\t<meta property=\"og:image:type\" content=\"image\/webp\" \/>\n<meta name=\"author\" content=\"Maty\u00e1\u0161 Nov\u00e1k\" \/>\n<meta name=\"twitter:card\" content=\"summary_large_image\" \/>\n<meta name=\"twitter:label1\" content=\"Written by\" \/>\n\t<meta name=\"twitter:data1\" content=\"Maty\u00e1\u0161 Nov\u00e1k\" \/>\n\t<meta name=\"twitter:label2\" content=\"Estimated reading time\" \/>\n\t<meta name=\"twitter:data2\" content=\"1 minute\" \/>\n<script type=\"application\/ld+json\" class=\"yoast-schema-graph\">{\"@context\":\"https:\\\/\\\/schema.org\",\"@graph\":[{\"@type\":\"Article\",\"@id\":\"https:\\\/\\\/www.matyasnovak.eu\\\/koncerty\\\/umeni-cesta-do-duse-koncert-v-narodnim-ustavu-dusevniho-zdravi-klecany\\\/#article\",\"isPartOf\":{\"@id\":\"https:\\\/\\\/www.matyasnovak.eu\\\/koncerty\\\/umeni-cesta-do-duse-koncert-v-narodnim-ustavu-dusevniho-zdravi-klecany\\\/\"},\"author\":{\"name\":\"Maty\u00e1\u0161 Nov\u00e1k\",\"@id\":\"https:\\\/\\\/novakweb2.eu\\\/#\\\/schema\\\/person\\\/3fd5dc2f65072c5a94a64eb54623e857\"},\"headline\":\"Um\u011bn\u00ed &#8211; cesta do du\u0161e. Koncert v N\u00e1rodn\u00edm \u00fastavu du\u0161evn\u00edho zdrav\u00ed Klecany\",\"datePublished\":\"2024-02-04T12:09:25+00:00\",\"dateModified\":\"2024-03-04T10:24:21+00:00\",\"mainEntityOfPage\":{\"@id\":\"https:\\\/\\\/www.matyasnovak.eu\\\/koncerty\\\/umeni-cesta-do-duse-koncert-v-narodnim-ustavu-dusevniho-zdravi-klecany\\\/\"},\"wordCount\":90,\"publisher\":{\"@id\":\"https:\\\/\\\/novakweb2.eu\\\/#\\\/schema\\\/person\\\/3fd5dc2f65072c5a94a64eb54623e857\"},\"image\":{\"@id\":\"https:\\\/\\\/www.matyasnovak.eu\\\/koncerty\\\/umeni-cesta-do-duse-koncert-v-narodnim-ustavu-dusevniho-zdravi-klecany\\\/#primaryimage\"},\"thumbnailUrl\":\"https:\\\/\\\/www.matyasnovak.eu\\\/wp-content\\\/uploads\\\/2023\\\/07\\\/foto-lenka-hatasova7493-scaled-1.webp\",\"articleSection\":[\"Koncerty\"],\"inLanguage\":\"en-GB\"},{\"@type\":\"WebPage\",\"@id\":\"https:\\\/\\\/www.matyasnovak.eu\\\/koncerty\\\/umeni-cesta-do-duse-koncert-v-narodnim-ustavu-dusevniho-zdravi-klecany\\\/\",\"url\":\"https:\\\/\\\/www.matyasnovak.eu\\\/koncerty\\\/umeni-cesta-do-duse-koncert-v-narodnim-ustavu-dusevniho-zdravi-klecany\\\/\",\"name\":\"Um\u011bn\u00ed - cesta do du\u0161e. Koncert v N\u00e1rodn\u00edm \u00fastavu du\u0161evn\u00edho zdrav\u00ed Klecany ~ Maty\u00e1\u0161 Nov\u00e1k\",\"isPartOf\":{\"@id\":\"https:\\\/\\\/novakweb2.eu\\\/#website\"},\"primaryImageOfPage\":{\"@id\":\"https:\\\/\\\/www.matyasnovak.eu\\\/koncerty\\\/umeni-cesta-do-duse-koncert-v-narodnim-ustavu-dusevniho-zdravi-klecany\\\/#primaryimage\"},\"image\":{\"@id\":\"https:\\\/\\\/www.matyasnovak.eu\\\/koncerty\\\/umeni-cesta-do-duse-koncert-v-narodnim-ustavu-dusevniho-zdravi-klecany\\\/#primaryimage\"},\"thumbnailUrl\":\"https:\\\/\\\/www.matyasnovak.eu\\\/wp-content\\\/uploads\\\/2023\\\/07\\\/foto-lenka-hatasova7493-scaled-1.webp\",\"datePublished\":\"2024-02-04T12:09:25+00:00\",\"dateModified\":\"2024-03-04T10:24:21+00:00\",\"breadcrumb\":{\"@id\":\"https:\\\/\\\/www.matyasnovak.eu\\\/koncerty\\\/umeni-cesta-do-duse-koncert-v-narodnim-ustavu-dusevniho-zdravi-klecany\\\/#breadcrumb\"},\"inLanguage\":\"en-GB\",\"potentialAction\":[{\"@type\":\"ReadAction\",\"target\":[\"https:\\\/\\\/www.matyasnovak.eu\\\/koncerty\\\/umeni-cesta-do-duse-koncert-v-narodnim-ustavu-dusevniho-zdravi-klecany\\\/\"]}]},{\"@type\":\"ImageObject\",\"inLanguage\":\"en-GB\",\"@id\":\"https:\\\/\\\/www.matyasnovak.eu\\\/koncerty\\\/umeni-cesta-do-duse-koncert-v-narodnim-ustavu-dusevniho-zdravi-klecany\\\/#primaryimage\",\"url\":\"https:\\\/\\\/www.matyasnovak.eu\\\/wp-content\\\/uploads\\\/2023\\\/07\\\/foto-lenka-hatasova7493-scaled-1.webp\",\"contentUrl\":\"https:\\\/\\\/www.matyasnovak.eu\\\/wp-content\\\/uploads\\\/2023\\\/07\\\/foto-lenka-hatasova7493-scaled-1.webp\",\"width\":1411,\"height\":1792},{\"@type\":\"BreadcrumbList\",\"@id\":\"https:\\\/\\\/www.matyasnovak.eu\\\/koncerty\\\/umeni-cesta-do-duse-koncert-v-narodnim-ustavu-dusevniho-zdravi-klecany\\\/#breadcrumb\",\"itemListElement\":[{\"@type\":\"ListItem\",\"position\":1,\"name\":\"Dom\u016f\",\"item\":\"https:\\\/\\\/www.matyasnovak.eu\\\/\"},{\"@type\":\"ListItem\",\"position\":2,\"name\":\"Um\u011bn\u00ed &#8211; cesta do du\u0161e. Koncert v N\u00e1rodn\u00edm \u00fastavu du\u0161evn\u00edho zdrav\u00ed Klecany\"}]},{\"@type\":\"WebSite\",\"@id\":\"https:\\\/\\\/novakweb2.eu\\\/#website\",\"url\":\"https:\\\/\\\/novakweb2.eu\\\/\",\"name\":\"Maty\u00e1\u0161 Nov\u00e1k\",\"description\":\"\",\"publisher\":{\"@id\":\"https:\\\/\\\/novakweb2.eu\\\/#\\\/schema\\\/person\\\/3fd5dc2f65072c5a94a64eb54623e857\"},\"potentialAction\":[{\"@type\":\"SearchAction\",\"target\":{\"@type\":\"EntryPoint\",\"urlTemplate\":\"https:\\\/\\\/novakweb2.eu\\\/?s={search_term_string}\"},\"query-input\":{\"@type\":\"PropertyValueSpecification\",\"valueRequired\":true,\"valueName\":\"search_term_string\"}}],\"inLanguage\":\"en-GB\"},{\"@type\":[\"Person\",\"Organization\"],\"@id\":\"https:\\\/\\\/novakweb2.eu\\\/#\\\/schema\\\/person\\\/3fd5dc2f65072c5a94a64eb54623e857\",\"name\":\"Maty\u00e1\u0161 Nov\u00e1k\",\"image\":{\"@type\":\"ImageObject\",\"inLanguage\":\"en-GB\",\"@id\":\"https:\\\/\\\/www.matyasnovak.eu\\\/wp-content\\\/uploads\\\/2023\\\/07\\\/foto-lenka-hatasova7233-scaled-1.webp\",\"url\":\"https:\\\/\\\/www.matyasnovak.eu\\\/wp-content\\\/uploads\\\/2023\\\/07\\\/foto-lenka-hatasova7233-scaled-1.webp\",\"contentUrl\":\"https:\\\/\\\/www.matyasnovak.eu\\\/wp-content\\\/uploads\\\/2023\\\/07\\\/foto-lenka-hatasova7233-scaled-1.webp\",\"width\":1792,\"height\":1194,\"caption\":\"Maty\u00e1\u0161 Nov\u00e1k\"},\"logo\":{\"@id\":\"https:\\\/\\\/www.matyasnovak.eu\\\/wp-content\\\/uploads\\\/2023\\\/07\\\/foto-lenka-hatasova7233-scaled-1.webp\"},\"sameAs\":[\"https:\\\/\\\/www.matyasnovak.eu\\\/\",\"https:\\\/\\\/www.facebook.com\\\/matyasnovakpianist\\\/\",\"https:\\\/\\\/www.youtube.com\\\/@matyasnovakpianist1921\"],\"url\":\"https:\\\/\\\/www.matyasnovak.eu\\\/en\\\/author\\\/novak\\\/\"}]}<\/script>\n<!-- \/ Yoast SEO plugin. -->","yoast_head_json":{"title":"Um\u011bn\u00ed - cesta do du\u0161e. Koncert v N\u00e1rodn\u00edm \u00fastavu du\u0161evn\u00edho zdrav\u00ed Klecany ~ Maty\u00e1\u0161 Nov\u00e1k","robots":{"index":"index","follow":"follow","max-snippet":"max-snippet:-1","max-image-preview":"max-image-preview:large","max-video-preview":"max-video-preview:-1"},"canonical":"https:\/\/www.matyasnovak.eu\/en\/koncerty\/umeni-cesta-do-duse-koncert-v-narodnim-ustavu-dusevniho-zdravi-klecany\/","og_locale":"en_GB","og_type":"article","og_title":"Um\u011bn\u00ed - cesta do du\u0161e. Koncert v N\u00e1rodn\u00edm \u00fastavu du\u0161evn\u00edho zdrav\u00ed Klecany ~ Maty\u00e1\u0161 Nov\u00e1k","og_description":"\u00da\u010dinkuj\u00ed:Maty\u00e1\u0161 Nov\u00e1k \u2013 klav\u00edrPraga Camerata Quintet:Lucie Sedl\u00e1kov\u00e1 H\u016flov\u00e1 \u2013 1. housleEva Nykr\u00fdnov\u00e1 \u2013 2. housleJan Nykr\u00fdn \u2013 violaMartin Sedl\u00e1k \u2013 violoncelloJakub Waldmann \u2013 kontrabas Program:Bed\u0159ich Smetana (1824 \u2013 1884) \u2013 \u010cesk\u00e9 tance, 2. \u0159ada1. Furiant2. Slepi\u010dka3. Oves4. Medv\u011bd5. Cibula\u010dka6. Dup\u00e1k7. Hul\u00e1n8. Obkro\u010d\u00e1k9. Sousedsk\u00e110. Sko\u010dn\u00e1 Sergej Rachmaninov (1873-1943) \u2013 Klav\u00edrn\u00ed koncert \u010d. 2 c moll, op. [&hellip;]","og_url":"https:\/\/www.matyasnovak.eu\/en\/koncerty\/umeni-cesta-do-duse-koncert-v-narodnim-ustavu-dusevniho-zdravi-klecany\/","og_site_name":"Maty\u00e1\u0161 Nov\u00e1k","article_publisher":"https:\/\/www.facebook.com\/matyasnovakpianist\/","article_author":"https:\/\/www.facebook.com\/matyasnovakpianist\/","article_published_time":"2024-02-04T12:09:25+00:00","article_modified_time":"2024-03-04T10:24:21+00:00","og_image":[{"width":1411,"height":1792,"url":"https:\/\/www.matyasnovak.eu\/wp-content\/uploads\/2023\/07\/foto-lenka-hatasova7493-scaled-1.webp","type":"image\/webp"}],"author":"Maty\u00e1\u0161 Nov\u00e1k","twitter_card":"summary_large_image","twitter_misc":{"Written by":"Maty\u00e1\u0161 Nov\u00e1k","Estimated reading time":"1 minute"},"schema":{"@context":"https:\/\/schema.org","@graph":[{"@type":"Article","@id":"https:\/\/www.matyasnovak.eu\/koncerty\/umeni-cesta-do-duse-koncert-v-narodnim-ustavu-dusevniho-zdravi-klecany\/#article","isPartOf":{"@id":"https:\/\/www.matyasnovak.eu\/koncerty\/umeni-cesta-do-duse-koncert-v-narodnim-ustavu-dusevniho-zdravi-klecany\/"},"author":{"name":"Maty\u00e1\u0161 Nov\u00e1k","@id":"https:\/\/novakweb2.eu\/#\/schema\/person\/3fd5dc2f65072c5a94a64eb54623e857"},"headline":"Um\u011bn\u00ed &#8211; cesta do du\u0161e. Koncert v N\u00e1rodn\u00edm \u00fastavu du\u0161evn\u00edho zdrav\u00ed Klecany","datePublished":"2024-02-04T12:09:25+00:00","dateModified":"2024-03-04T10:24:21+00:00","mainEntityOfPage":{"@id":"https:\/\/www.matyasnovak.eu\/koncerty\/umeni-cesta-do-duse-koncert-v-narodnim-ustavu-dusevniho-zdravi-klecany\/"},"wordCount":90,"publisher":{"@id":"https:\/\/novakweb2.eu\/#\/schema\/person\/3fd5dc2f65072c5a94a64eb54623e857"},"image":{"@id":"https:\/\/www.matyasnovak.eu\/koncerty\/umeni-cesta-do-duse-koncert-v-narodnim-ustavu-dusevniho-zdravi-klecany\/#primaryimage"},"thumbnailUrl":"https:\/\/www.matyasnovak.eu\/wp-content\/uploads\/2023\/07\/foto-lenka-hatasova7493-scaled-1.webp","articleSection":["Koncerty"],"inLanguage":"en-GB"},{"@type":"WebPage","@id":"https:\/\/www.matyasnovak.eu\/koncerty\/umeni-cesta-do-duse-koncert-v-narodnim-ustavu-dusevniho-zdravi-klecany\/","url":"https:\/\/www.matyasnovak.eu\/koncerty\/umeni-cesta-do-duse-koncert-v-narodnim-ustavu-dusevniho-zdravi-klecany\/","name":"Um\u011bn\u00ed - cesta do du\u0161e. Koncert v N\u00e1rodn\u00edm \u00fastavu du\u0161evn\u00edho zdrav\u00ed Klecany ~ Maty\u00e1\u0161 Nov\u00e1k","isPartOf":{"@id":"https:\/\/novakweb2.eu\/#website"},"primaryImageOfPage":{"@id":"https:\/\/www.matyasnovak.eu\/koncerty\/umeni-cesta-do-duse-koncert-v-narodnim-ustavu-dusevniho-zdravi-klecany\/#primaryimage"},"image":{"@id":"https:\/\/www.matyasnovak.eu\/koncerty\/umeni-cesta-do-duse-koncert-v-narodnim-ustavu-dusevniho-zdravi-klecany\/#primaryimage"},"thumbnailUrl":"https:\/\/www.matyasnovak.eu\/wp-content\/uploads\/2023\/07\/foto-lenka-hatasova7493-scaled-1.webp","datePublished":"2024-02-04T12:09:25+00:00","dateModified":"2024-03-04T10:24:21+00:00","breadcrumb":{"@id":"https:\/\/www.matyasnovak.eu\/koncerty\/umeni-cesta-do-duse-koncert-v-narodnim-ustavu-dusevniho-zdravi-klecany\/#breadcrumb"},"inLanguage":"en-GB","potentialAction":[{"@type":"ReadAction","target":["https:\/\/www.matyasnovak.eu\/koncerty\/umeni-cesta-do-duse-koncert-v-narodnim-ustavu-dusevniho-zdravi-klecany\/"]}]},{"@type":"ImageObject","inLanguage":"en-GB","@id":"https:\/\/www.matyasnovak.eu\/koncerty\/umeni-cesta-do-duse-koncert-v-narodnim-ustavu-dusevniho-zdravi-klecany\/#primaryimage","url":"https:\/\/www.matyasnovak.eu\/wp-content\/uploads\/2023\/07\/foto-lenka-hatasova7493-scaled-1.webp","contentUrl":"https:\/\/www.matyasnovak.eu\/wp-content\/uploads\/2023\/07\/foto-lenka-hatasova7493-scaled-1.webp","width":1411,"height":1792},{"@type":"BreadcrumbList","@id":"https:\/\/www.matyasnovak.eu\/koncerty\/umeni-cesta-do-duse-koncert-v-narodnim-ustavu-dusevniho-zdravi-klecany\/#breadcrumb","itemListElement":[{"@type":"ListItem","position":1,"name":"Dom\u016f","item":"https:\/\/www.matyasnovak.eu\/"},{"@type":"ListItem","position":2,"name":"Um\u011bn\u00ed &#8211; cesta do du\u0161e. Koncert v N\u00e1rodn\u00edm \u00fastavu du\u0161evn\u00edho zdrav\u00ed Klecany"}]},{"@type":"WebSite","@id":"https:\/\/novakweb2.eu\/#website","url":"https:\/\/novakweb2.eu\/","name":"Maty\u00e1\u0161 Nov\u00e1k","description":"","publisher":{"@id":"https:\/\/novakweb2.eu\/#\/schema\/person\/3fd5dc2f65072c5a94a64eb54623e857"},"potentialAction":[{"@type":"SearchAction","target":{"@type":"EntryPoint","urlTemplate":"https:\/\/novakweb2.eu\/?s={search_term_string}"},"query-input":{"@type":"PropertyValueSpecification","valueRequired":true,"valueName":"search_term_string"}}],"inLanguage":"en-GB"},{"@type":["Person","Organization"],"@id":"https:\/\/novakweb2.eu\/#\/schema\/person\/3fd5dc2f65072c5a94a64eb54623e857","name":"Maty\u00e1\u0161 Nov\u00e1k","image":{"@type":"ImageObject","inLanguage":"en-GB","@id":"https:\/\/www.matyasnovak.eu\/wp-content\/uploads\/2023\/07\/foto-lenka-hatasova7233-scaled-1.webp","url":"https:\/\/www.matyasnovak.eu\/wp-content\/uploads\/2023\/07\/foto-lenka-hatasova7233-scaled-1.webp","contentUrl":"https:\/\/www.matyasnovak.eu\/wp-content\/uploads\/2023\/07\/foto-lenka-hatasova7233-scaled-1.webp","width":1792,"height":1194,"caption":"Maty\u00e1\u0161 Nov\u00e1k"},"logo":{"@id":"https:\/\/www.matyasnovak.eu\/wp-content\/uploads\/2023\/07\/foto-lenka-hatasova7233-scaled-1.webp"},"sameAs":["https:\/\/www.matyasnovak.eu\/","https:\/\/www.facebook.com\/matyasnovakpianist\/","https:\/\/www.youtube.com\/@matyasnovakpianist1921"],"url":"https:\/\/www.matyasnovak.eu\/en\/author\/novak\/"}]}},"_links":{"self":[{"href":"https:\/\/www.matyasnovak.eu\/en\/wp-json\/wp\/v2\/posts\/7056","targetHints":{"allow":["GET"]}}],"collection":[{"href":"https:\/\/www.matyasnovak.eu\/en\/wp-json\/wp\/v2\/posts"}],"about":[{"href":"https:\/\/www.matyasnovak.eu\/en\/wp-json\/wp\/v2\/types\/post"}],"author":[{"embeddable":true,"href":"https:\/\/www.matyasnovak.eu\/en\/wp-json\/wp\/v2\/users\/2"}],"replies":[{"embeddable":true,"href":"https:\/\/www.matyasnovak.eu\/en\/wp-json\/wp\/v2\/comments?post=7056"}],"version-history":[{"count":5,"href":"https:\/\/www.matyasnovak.eu\/en\/wp-json\/wp\/v2\/posts\/7056\/revisions"}],"predecessor-version":[{"id":7148,"href":"https:\/\/www.matyasnovak.eu\/en\/wp-json\/wp\/v2\/posts\/7056\/revisions\/7148"}],"wp:featuredmedia":[{"embeddable":true,"href":"https:\/\/www.matyasnovak.eu\/en\/wp-json\/wp\/v2\/media\/4488"}],"wp:attachment":[{"href":"https:\/\/www.matyasnovak.eu\/en\/wp-json\/wp\/v2\/media?parent=7056"}],"wp:term":[{"taxonomy":"category","embeddable":true,"href":"https:\/\/www.matyasnovak.eu\/en\/wp-json\/wp\/v2\/categories?post=7056"},{"taxonomy":"post_tag","embeddable":true,"href":"https:\/\/www.matyasnovak.eu\/en\/wp-json\/wp\/v2\/tags?post=7056"}],"curies":[{"name":"wp","href":"https:\/\/api.w.org\/{rel}","templated":true}]}}