{"id":6936,"date":"2023-12-20T22:38:07","date_gmt":"2023-12-20T21:38:07","guid":{"rendered":"https:\/\/www.matyasnovak.eu\/?p=6936"},"modified":"2023-12-20T22:38:09","modified_gmt":"2023-12-20T21:38:09","slug":"klavirni-vikend-s-matyasem-novakem-2","status":"publish","type":"post","link":"https:\/\/www.matyasnovak.eu\/en\/koncerty\/klavirni-vikend-s-matyasem-novakem-2\/","title":{"rendered":"Klav\u00edrn\u00ed v\u00edkend s Maty\u00e1\u0161em Nov\u00e1kem"},"content":{"rendered":"<p>Mil\u00ed kolegov\u00e9 klav\u00edrist\u00e9,<\/p>\n\n\n\n<p>ur\u010dit\u011b u\u017e jste sly\u0161eli v\u011btu: Kdo si hraje, nezlob\u00ed. V m\u00e9m p\u0159\u00edpad\u011b toto tvrzen\u00ed platilo ji\u017e od d\u011btstv\u00ed. U\u017e jako mal\u00fd jsem si hr\u00e1l tak, \u017ee jsem hr\u00e1l. A stejn\u011b jako vy jsem zjistil, \u017ee&nbsp;hr\u00e1t na klav\u00edr je b\u00e1je\u010dn\u00e1 v\u011bc a kdy\u017e se poda\u0159\u00ed interpretovat skladbu tak, jak jsme si p\u0159edstavovali, je to velk\u00e1 radost. V\u0161ichni, kte\u0159\u00ed se hran\u00ed na n\u00e1stroj v\u011bnujeme, v\u00edme, \u017ee aby to na p\u00f3diu vypadalo jako \u201e\u017ee to nic nen\u00ed\u201c, stoj\u00ed to hodn\u011b \u010dasu a \u00fasil\u00ed. B\u011bhem p\u0159\u00edpravy to naopak \u010dasto vypad\u00e1, \u017ee \u201eto nep\u016fjde\u201c. My interpreti samoz\u0159ejm\u011b v\u00edme, \u017ee kdy\u017e se nenech\u00e1me odradit, v\u0161e se v dobr\u00e9 obr\u00e1t\u00ed. A my, kte\u0159\u00ed hrajeme opravdu mnoho let, postupn\u011b p\u0159ich\u00e1z\u00edme na f\u00edgle a triky, kter\u00e9 n\u00e1m n\u00e1cvik skladeb usnad\u0148uj\u00ed. Na n\u011bkter\u00e9 u\u017e jste ur\u010dit\u011b p\u0159i\u0161li sami, nebo v\u00e1m je poradila va\u0161e pan\u00ed u\u010ditelka \u010di pan u\u010ditel, o dal\u0161\u00ed se s v\u00e1mi r\u00e1d pod\u011bl\u00edm, pokud p\u0159ijdete o druh\u00e9m lednov\u00e9m v\u00edkendu do Divi\u0161ovy vily v P\u0159elou\u010di, kde se bude konat akce zvan\u00e1 Klav\u00edrn\u00ed v\u00edkend. Nez\u00e1le\u017e\u00ed na v\u011bku ani pokro\u010dilosti, d\u016fle\u017eit\u00e9 je nad\u0161en\u00ed a ochota vyzkou\u0161et n\u011bco nov\u00e9ho.\ud83d\ude42<\/p>\n\n\n\n<p>Co?&nbsp;<\/p>\n\n\n\n<p>Klav\u00edrn\u00ed v\u00edkend<\/p>\n\n\n\n<ul class=\"wp-block-list\">\n<li>1 &#8211; 2 hodiny v\u00fduky (dle dohody)<\/li>\n\n\n\n<li>beseda<\/li>\n\n\n\n<li>klav\u00edrn\u00ed recit\u00e1l<\/li>\n<\/ul>\n\n\n\n<p>Kde?<\/p>\n\n\n\n<p>Divi\u0161ova vila, N\u00e1dra\u017en\u00ed 192, P\u0159elou\u010d<\/p>\n\n\n\n<p>Kdy?<\/p>\n\n\n\n<p>13. a 14. ledna 2024&nbsp;<\/p>\n\n\n\n<p>P\u0159ihla\u0161ovac\u00ed formul\u00e1\u0159 na Klav\u00edrn\u00ed v\u00edkend je k dispozici po kliknut\u00ed na tla\u010d\u00edtko vstupenka. Ve\u0161ker\u00e9 dotazy r\u00e1d zodpov\u00edm prost\u0159ednictv\u00edm e-mailov\u00e9 adresy klavirnivikend@centrum.cz.<\/p>\n\n\n\n<p><em>,,U\u010den\u00ed samo m\u00e1 b\u00fdti mil\u00e9 a lib\u00e9 a nem\u00e1 se jinak d\u00edti, ne\u017e jako hra a kratochv\u00edle.\u00a8<\/em><\/p>\n\n\n\n<p>Jan \u00c1mos Komensk\u00fd<\/p>","protected":false},"excerpt":{"rendered":"<p>Mil\u00ed kolegov\u00e9 klav\u00edrist\u00e9, ur\u010dit\u011b u\u017e jste sly\u0161eli v\u011btu: Kdo si hraje, nezlob\u00ed. V m\u00e9m p\u0159\u00edpad\u011b toto tvrzen\u00ed platilo ji\u017e od d\u011btstv\u00ed. U\u017e jako mal\u00fd jsem si hr\u00e1l tak, \u017ee jsem hr\u00e1l. A stejn\u011b jako vy jsem zjistil, \u017ee&nbsp;hr\u00e1t na klav\u00edr je b\u00e1je\u010dn\u00e1 v\u011bc a kdy\u017e se poda\u0159\u00ed interpretovat skladbu tak, jak jsme si p\u0159edstavovali, je [&hellip;]<\/p>\n","protected":false},"author":2,"featured_media":2993,"comment_status":"closed","ping_status":"closed","sticky":false,"template":"","format":"standard","meta":{"_acf_changed":false,"footnotes":""},"categories":[120],"tags":[],"class_list":["post-6936","post","type-post","status-publish","format-standard","has-post-thumbnail","hentry","category-koncerty"],"acf":[],"yoast_head":"<!-- This site is optimized with the Yoast SEO plugin v27.5 - https:\/\/yoast.com\/product\/yoast-seo-wordpress\/ -->\n<title>Klav\u00edrn\u00ed v\u00edkend s Maty\u00e1\u0161em Nov\u00e1kem ~ Maty\u00e1\u0161 Nov\u00e1k<\/title>\n<meta name=\"robots\" content=\"index, follow, max-snippet:-1, max-image-preview:large, max-video-preview:-1\" \/>\n<link rel=\"canonical\" href=\"https:\/\/www.matyasnovak.eu\/en\/koncerty\/klavirni-vikend-s-matyasem-novakem-2\/\" \/>\n<meta property=\"og:locale\" content=\"en_GB\" \/>\n<meta property=\"og:type\" content=\"article\" \/>\n<meta property=\"og:title\" content=\"Klav\u00edrn\u00ed v\u00edkend s Maty\u00e1\u0161em Nov\u00e1kem ~ Maty\u00e1\u0161 Nov\u00e1k\" \/>\n<meta property=\"og:description\" content=\"Mil\u00ed kolegov\u00e9 klav\u00edrist\u00e9, ur\u010dit\u011b u\u017e jste sly\u0161eli v\u011btu: Kdo si hraje, nezlob\u00ed. V m\u00e9m p\u0159\u00edpad\u011b toto tvrzen\u00ed platilo ji\u017e od d\u011btstv\u00ed. U\u017e jako mal\u00fd jsem si hr\u00e1l tak, \u017ee jsem hr\u00e1l. A stejn\u011b jako vy jsem zjistil, \u017ee&nbsp;hr\u00e1t na klav\u00edr je b\u00e1je\u010dn\u00e1 v\u011bc a kdy\u017e se poda\u0159\u00ed interpretovat skladbu tak, jak jsme si p\u0159edstavovali, je [&hellip;]\" \/>\n<meta property=\"og:url\" content=\"https:\/\/www.matyasnovak.eu\/en\/koncerty\/klavirni-vikend-s-matyasem-novakem-2\/\" \/>\n<meta property=\"og:site_name\" content=\"Maty\u00e1\u0161 Nov\u00e1k\" \/>\n<meta property=\"article:publisher\" content=\"https:\/\/www.facebook.com\/matyasnovakpianist\/\" \/>\n<meta property=\"article:author\" content=\"https:\/\/www.facebook.com\/matyasnovakpianist\/\" \/>\n<meta property=\"article:published_time\" content=\"2023-12-20T21:38:07+00:00\" \/>\n<meta property=\"article:modified_time\" content=\"2023-12-20T21:38:09+00:00\" \/>\n<meta property=\"og:image\" content=\"https:\/\/www.matyasnovak.eu\/wp-content\/uploads\/2023\/04\/Matyas-Novak.jpg\" \/>\n\t<meta property=\"og:image:width\" content=\"435\" \/>\n\t<meta property=\"og:image:height\" content=\"290\" \/>\n\t<meta property=\"og:image:type\" content=\"image\/jpeg\" \/>\n<meta name=\"author\" content=\"Maty\u00e1\u0161 Nov\u00e1k\" \/>\n<meta name=\"twitter:card\" content=\"summary_large_image\" \/>\n<meta name=\"twitter:label1\" content=\"Written by\" \/>\n\t<meta name=\"twitter:data1\" content=\"Maty\u00e1\u0161 Nov\u00e1k\" \/>\n\t<meta name=\"twitter:label2\" content=\"Estimated reading time\" \/>\n\t<meta name=\"twitter:data2\" content=\"2 minutes\" \/>\n<script type=\"application\/ld+json\" class=\"yoast-schema-graph\">{\"@context\":\"https:\\\/\\\/schema.org\",\"@graph\":[{\"@type\":\"Article\",\"@id\":\"https:\\\/\\\/www.matyasnovak.eu\\\/koncerty\\\/klavirni-vikend-s-matyasem-novakem-2\\\/#article\",\"isPartOf\":{\"@id\":\"https:\\\/\\\/www.matyasnovak.eu\\\/koncerty\\\/klavirni-vikend-s-matyasem-novakem-2\\\/\"},\"author\":{\"name\":\"Maty\u00e1\u0161 Nov\u00e1k\",\"@id\":\"https:\\\/\\\/novakweb2.eu\\\/#\\\/schema\\\/person\\\/3fd5dc2f65072c5a94a64eb54623e857\"},\"headline\":\"Klav\u00edrn\u00ed v\u00edkend s Maty\u00e1\u0161em Nov\u00e1kem\",\"datePublished\":\"2023-12-20T21:38:07+00:00\",\"dateModified\":\"2023-12-20T21:38:09+00:00\",\"mainEntityOfPage\":{\"@id\":\"https:\\\/\\\/www.matyasnovak.eu\\\/koncerty\\\/klavirni-vikend-s-matyasem-novakem-2\\\/\"},\"wordCount\":343,\"publisher\":{\"@id\":\"https:\\\/\\\/novakweb2.eu\\\/#\\\/schema\\\/person\\\/3fd5dc2f65072c5a94a64eb54623e857\"},\"image\":{\"@id\":\"https:\\\/\\\/www.matyasnovak.eu\\\/koncerty\\\/klavirni-vikend-s-matyasem-novakem-2\\\/#primaryimage\"},\"thumbnailUrl\":\"https:\\\/\\\/www.matyasnovak.eu\\\/wp-content\\\/uploads\\\/2023\\\/04\\\/Matyas-Novak.jpg\",\"articleSection\":[\"Koncerty\"],\"inLanguage\":\"en-GB\"},{\"@type\":\"WebPage\",\"@id\":\"https:\\\/\\\/www.matyasnovak.eu\\\/koncerty\\\/klavirni-vikend-s-matyasem-novakem-2\\\/\",\"url\":\"https:\\\/\\\/www.matyasnovak.eu\\\/koncerty\\\/klavirni-vikend-s-matyasem-novakem-2\\\/\",\"name\":\"Klav\u00edrn\u00ed v\u00edkend s Maty\u00e1\u0161em Nov\u00e1kem ~ Maty\u00e1\u0161 Nov\u00e1k\",\"isPartOf\":{\"@id\":\"https:\\\/\\\/novakweb2.eu\\\/#website\"},\"primaryImageOfPage\":{\"@id\":\"https:\\\/\\\/www.matyasnovak.eu\\\/koncerty\\\/klavirni-vikend-s-matyasem-novakem-2\\\/#primaryimage\"},\"image\":{\"@id\":\"https:\\\/\\\/www.matyasnovak.eu\\\/koncerty\\\/klavirni-vikend-s-matyasem-novakem-2\\\/#primaryimage\"},\"thumbnailUrl\":\"https:\\\/\\\/www.matyasnovak.eu\\\/wp-content\\\/uploads\\\/2023\\\/04\\\/Matyas-Novak.jpg\",\"datePublished\":\"2023-12-20T21:38:07+00:00\",\"dateModified\":\"2023-12-20T21:38:09+00:00\",\"breadcrumb\":{\"@id\":\"https:\\\/\\\/www.matyasnovak.eu\\\/koncerty\\\/klavirni-vikend-s-matyasem-novakem-2\\\/#breadcrumb\"},\"inLanguage\":\"en-GB\",\"potentialAction\":[{\"@type\":\"ReadAction\",\"target\":[\"https:\\\/\\\/www.matyasnovak.eu\\\/koncerty\\\/klavirni-vikend-s-matyasem-novakem-2\\\/\"]}]},{\"@type\":\"ImageObject\",\"inLanguage\":\"en-GB\",\"@id\":\"https:\\\/\\\/www.matyasnovak.eu\\\/koncerty\\\/klavirni-vikend-s-matyasem-novakem-2\\\/#primaryimage\",\"url\":\"https:\\\/\\\/www.matyasnovak.eu\\\/wp-content\\\/uploads\\\/2023\\\/04\\\/Matyas-Novak.jpg\",\"contentUrl\":\"https:\\\/\\\/www.matyasnovak.eu\\\/wp-content\\\/uploads\\\/2023\\\/04\\\/Matyas-Novak.jpg\",\"width\":435,\"height\":290,\"caption\":\"mn-galerie Maty\u00e1\u0161 Nov\u00e1k\"},{\"@type\":\"BreadcrumbList\",\"@id\":\"https:\\\/\\\/www.matyasnovak.eu\\\/koncerty\\\/klavirni-vikend-s-matyasem-novakem-2\\\/#breadcrumb\",\"itemListElement\":[{\"@type\":\"ListItem\",\"position\":1,\"name\":\"Dom\u016f\",\"item\":\"https:\\\/\\\/www.matyasnovak.eu\\\/\"},{\"@type\":\"ListItem\",\"position\":2,\"name\":\"Klav\u00edrn\u00ed v\u00edkend s Maty\u00e1\u0161em Nov\u00e1kem\"}]},{\"@type\":\"WebSite\",\"@id\":\"https:\\\/\\\/novakweb2.eu\\\/#website\",\"url\":\"https:\\\/\\\/novakweb2.eu\\\/\",\"name\":\"Maty\u00e1\u0161 Nov\u00e1k\",\"description\":\"\",\"publisher\":{\"@id\":\"https:\\\/\\\/novakweb2.eu\\\/#\\\/schema\\\/person\\\/3fd5dc2f65072c5a94a64eb54623e857\"},\"potentialAction\":[{\"@type\":\"SearchAction\",\"target\":{\"@type\":\"EntryPoint\",\"urlTemplate\":\"https:\\\/\\\/novakweb2.eu\\\/?s={search_term_string}\"},\"query-input\":{\"@type\":\"PropertyValueSpecification\",\"valueRequired\":true,\"valueName\":\"search_term_string\"}}],\"inLanguage\":\"en-GB\"},{\"@type\":[\"Person\",\"Organization\"],\"@id\":\"https:\\\/\\\/novakweb2.eu\\\/#\\\/schema\\\/person\\\/3fd5dc2f65072c5a94a64eb54623e857\",\"name\":\"Maty\u00e1\u0161 Nov\u00e1k\",\"image\":{\"@type\":\"ImageObject\",\"inLanguage\":\"en-GB\",\"@id\":\"https:\\\/\\\/www.matyasnovak.eu\\\/wp-content\\\/uploads\\\/2023\\\/07\\\/foto-lenka-hatasova7233-scaled-1.webp\",\"url\":\"https:\\\/\\\/www.matyasnovak.eu\\\/wp-content\\\/uploads\\\/2023\\\/07\\\/foto-lenka-hatasova7233-scaled-1.webp\",\"contentUrl\":\"https:\\\/\\\/www.matyasnovak.eu\\\/wp-content\\\/uploads\\\/2023\\\/07\\\/foto-lenka-hatasova7233-scaled-1.webp\",\"width\":1792,\"height\":1194,\"caption\":\"Maty\u00e1\u0161 Nov\u00e1k\"},\"logo\":{\"@id\":\"https:\\\/\\\/www.matyasnovak.eu\\\/wp-content\\\/uploads\\\/2023\\\/07\\\/foto-lenka-hatasova7233-scaled-1.webp\"},\"sameAs\":[\"https:\\\/\\\/www.matyasnovak.eu\\\/\",\"https:\\\/\\\/www.facebook.com\\\/matyasnovakpianist\\\/\",\"https:\\\/\\\/www.youtube.com\\\/@matyasnovakpianist1921\"],\"url\":\"https:\\\/\\\/www.matyasnovak.eu\\\/en\\\/author\\\/novak\\\/\"}]}<\/script>\n<!-- \/ Yoast SEO plugin. -->","yoast_head_json":{"title":"Klav\u00edrn\u00ed v\u00edkend s Maty\u00e1\u0161em Nov\u00e1kem ~ Maty\u00e1\u0161 Nov\u00e1k","robots":{"index":"index","follow":"follow","max-snippet":"max-snippet:-1","max-image-preview":"max-image-preview:large","max-video-preview":"max-video-preview:-1"},"canonical":"https:\/\/www.matyasnovak.eu\/en\/koncerty\/klavirni-vikend-s-matyasem-novakem-2\/","og_locale":"en_GB","og_type":"article","og_title":"Klav\u00edrn\u00ed v\u00edkend s Maty\u00e1\u0161em Nov\u00e1kem ~ Maty\u00e1\u0161 Nov\u00e1k","og_description":"Mil\u00ed kolegov\u00e9 klav\u00edrist\u00e9, ur\u010dit\u011b u\u017e jste sly\u0161eli v\u011btu: Kdo si hraje, nezlob\u00ed. V m\u00e9m p\u0159\u00edpad\u011b toto tvrzen\u00ed platilo ji\u017e od d\u011btstv\u00ed. U\u017e jako mal\u00fd jsem si hr\u00e1l tak, \u017ee jsem hr\u00e1l. A stejn\u011b jako vy jsem zjistil, \u017ee&nbsp;hr\u00e1t na klav\u00edr je b\u00e1je\u010dn\u00e1 v\u011bc a kdy\u017e se poda\u0159\u00ed interpretovat skladbu tak, jak jsme si p\u0159edstavovali, je [&hellip;]","og_url":"https:\/\/www.matyasnovak.eu\/en\/koncerty\/klavirni-vikend-s-matyasem-novakem-2\/","og_site_name":"Maty\u00e1\u0161 Nov\u00e1k","article_publisher":"https:\/\/www.facebook.com\/matyasnovakpianist\/","article_author":"https:\/\/www.facebook.com\/matyasnovakpianist\/","article_published_time":"2023-12-20T21:38:07+00:00","article_modified_time":"2023-12-20T21:38:09+00:00","og_image":[{"width":435,"height":290,"url":"https:\/\/www.matyasnovak.eu\/wp-content\/uploads\/2023\/04\/Matyas-Novak.jpg","type":"image\/jpeg"}],"author":"Maty\u00e1\u0161 Nov\u00e1k","twitter_card":"summary_large_image","twitter_misc":{"Written by":"Maty\u00e1\u0161 Nov\u00e1k","Estimated reading time":"2 minutes"},"schema":{"@context":"https:\/\/schema.org","@graph":[{"@type":"Article","@id":"https:\/\/www.matyasnovak.eu\/koncerty\/klavirni-vikend-s-matyasem-novakem-2\/#article","isPartOf":{"@id":"https:\/\/www.matyasnovak.eu\/koncerty\/klavirni-vikend-s-matyasem-novakem-2\/"},"author":{"name":"Maty\u00e1\u0161 Nov\u00e1k","@id":"https:\/\/novakweb2.eu\/#\/schema\/person\/3fd5dc2f65072c5a94a64eb54623e857"},"headline":"Klav\u00edrn\u00ed v\u00edkend s Maty\u00e1\u0161em Nov\u00e1kem","datePublished":"2023-12-20T21:38:07+00:00","dateModified":"2023-12-20T21:38:09+00:00","mainEntityOfPage":{"@id":"https:\/\/www.matyasnovak.eu\/koncerty\/klavirni-vikend-s-matyasem-novakem-2\/"},"wordCount":343,"publisher":{"@id":"https:\/\/novakweb2.eu\/#\/schema\/person\/3fd5dc2f65072c5a94a64eb54623e857"},"image":{"@id":"https:\/\/www.matyasnovak.eu\/koncerty\/klavirni-vikend-s-matyasem-novakem-2\/#primaryimage"},"thumbnailUrl":"https:\/\/www.matyasnovak.eu\/wp-content\/uploads\/2023\/04\/Matyas-Novak.jpg","articleSection":["Koncerty"],"inLanguage":"en-GB"},{"@type":"WebPage","@id":"https:\/\/www.matyasnovak.eu\/koncerty\/klavirni-vikend-s-matyasem-novakem-2\/","url":"https:\/\/www.matyasnovak.eu\/koncerty\/klavirni-vikend-s-matyasem-novakem-2\/","name":"Klav\u00edrn\u00ed v\u00edkend s Maty\u00e1\u0161em Nov\u00e1kem ~ Maty\u00e1\u0161 Nov\u00e1k","isPartOf":{"@id":"https:\/\/novakweb2.eu\/#website"},"primaryImageOfPage":{"@id":"https:\/\/www.matyasnovak.eu\/koncerty\/klavirni-vikend-s-matyasem-novakem-2\/#primaryimage"},"image":{"@id":"https:\/\/www.matyasnovak.eu\/koncerty\/klavirni-vikend-s-matyasem-novakem-2\/#primaryimage"},"thumbnailUrl":"https:\/\/www.matyasnovak.eu\/wp-content\/uploads\/2023\/04\/Matyas-Novak.jpg","datePublished":"2023-12-20T21:38:07+00:00","dateModified":"2023-12-20T21:38:09+00:00","breadcrumb":{"@id":"https:\/\/www.matyasnovak.eu\/koncerty\/klavirni-vikend-s-matyasem-novakem-2\/#breadcrumb"},"inLanguage":"en-GB","potentialAction":[{"@type":"ReadAction","target":["https:\/\/www.matyasnovak.eu\/koncerty\/klavirni-vikend-s-matyasem-novakem-2\/"]}]},{"@type":"ImageObject","inLanguage":"en-GB","@id":"https:\/\/www.matyasnovak.eu\/koncerty\/klavirni-vikend-s-matyasem-novakem-2\/#primaryimage","url":"https:\/\/www.matyasnovak.eu\/wp-content\/uploads\/2023\/04\/Matyas-Novak.jpg","contentUrl":"https:\/\/www.matyasnovak.eu\/wp-content\/uploads\/2023\/04\/Matyas-Novak.jpg","width":435,"height":290,"caption":"mn-galerie Maty\u00e1\u0161 Nov\u00e1k"},{"@type":"BreadcrumbList","@id":"https:\/\/www.matyasnovak.eu\/koncerty\/klavirni-vikend-s-matyasem-novakem-2\/#breadcrumb","itemListElement":[{"@type":"ListItem","position":1,"name":"Dom\u016f","item":"https:\/\/www.matyasnovak.eu\/"},{"@type":"ListItem","position":2,"name":"Klav\u00edrn\u00ed v\u00edkend s Maty\u00e1\u0161em Nov\u00e1kem"}]},{"@type":"WebSite","@id":"https:\/\/novakweb2.eu\/#website","url":"https:\/\/novakweb2.eu\/","name":"Maty\u00e1\u0161 Nov\u00e1k","description":"","publisher":{"@id":"https:\/\/novakweb2.eu\/#\/schema\/person\/3fd5dc2f65072c5a94a64eb54623e857"},"potentialAction":[{"@type":"SearchAction","target":{"@type":"EntryPoint","urlTemplate":"https:\/\/novakweb2.eu\/?s={search_term_string}"},"query-input":{"@type":"PropertyValueSpecification","valueRequired":true,"valueName":"search_term_string"}}],"inLanguage":"en-GB"},{"@type":["Person","Organization"],"@id":"https:\/\/novakweb2.eu\/#\/schema\/person\/3fd5dc2f65072c5a94a64eb54623e857","name":"Maty\u00e1\u0161 Nov\u00e1k","image":{"@type":"ImageObject","inLanguage":"en-GB","@id":"https:\/\/www.matyasnovak.eu\/wp-content\/uploads\/2023\/07\/foto-lenka-hatasova7233-scaled-1.webp","url":"https:\/\/www.matyasnovak.eu\/wp-content\/uploads\/2023\/07\/foto-lenka-hatasova7233-scaled-1.webp","contentUrl":"https:\/\/www.matyasnovak.eu\/wp-content\/uploads\/2023\/07\/foto-lenka-hatasova7233-scaled-1.webp","width":1792,"height":1194,"caption":"Maty\u00e1\u0161 Nov\u00e1k"},"logo":{"@id":"https:\/\/www.matyasnovak.eu\/wp-content\/uploads\/2023\/07\/foto-lenka-hatasova7233-scaled-1.webp"},"sameAs":["https:\/\/www.matyasnovak.eu\/","https:\/\/www.facebook.com\/matyasnovakpianist\/","https:\/\/www.youtube.com\/@matyasnovakpianist1921"],"url":"https:\/\/www.matyasnovak.eu\/en\/author\/novak\/"}]}},"_links":{"self":[{"href":"https:\/\/www.matyasnovak.eu\/en\/wp-json\/wp\/v2\/posts\/6936","targetHints":{"allow":["GET"]}}],"collection":[{"href":"https:\/\/www.matyasnovak.eu\/en\/wp-json\/wp\/v2\/posts"}],"about":[{"href":"https:\/\/www.matyasnovak.eu\/en\/wp-json\/wp\/v2\/types\/post"}],"author":[{"embeddable":true,"href":"https:\/\/www.matyasnovak.eu\/en\/wp-json\/wp\/v2\/users\/2"}],"replies":[{"embeddable":true,"href":"https:\/\/www.matyasnovak.eu\/en\/wp-json\/wp\/v2\/comments?post=6936"}],"version-history":[{"count":2,"href":"https:\/\/www.matyasnovak.eu\/en\/wp-json\/wp\/v2\/posts\/6936\/revisions"}],"predecessor-version":[{"id":6938,"href":"https:\/\/www.matyasnovak.eu\/en\/wp-json\/wp\/v2\/posts\/6936\/revisions\/6938"}],"wp:featuredmedia":[{"embeddable":true,"href":"https:\/\/www.matyasnovak.eu\/en\/wp-json\/wp\/v2\/media\/2993"}],"wp:attachment":[{"href":"https:\/\/www.matyasnovak.eu\/en\/wp-json\/wp\/v2\/media?parent=6936"}],"wp:term":[{"taxonomy":"category","embeddable":true,"href":"https:\/\/www.matyasnovak.eu\/en\/wp-json\/wp\/v2\/categories?post=6936"},{"taxonomy":"post_tag","embeddable":true,"href":"https:\/\/www.matyasnovak.eu\/en\/wp-json\/wp\/v2\/tags?post=6936"}],"curies":[{"name":"wp","href":"https:\/\/api.w.org\/{rel}","templated":true}]}}