{"id":6719,"date":"2023-11-20T11:10:16","date_gmt":"2023-11-20T10:10:16","guid":{"rendered":"https:\/\/www.matyasnovak.eu\/?p=6719"},"modified":"2023-11-20T11:10:17","modified_gmt":"2023-11-20T10:10:17","slug":"frantisek-kinsky-a-matyas-novak-vanoce-2023-pardubice","status":"publish","type":"post","link":"https:\/\/www.matyasnovak.eu\/en\/koncerty\/frantisek-kinsky-a-matyas-novak-vanoce-2023-pardubice\/","title":{"rendered":"Franti\u0161ek Kinsk\u00fd a Maty\u00e1\u0161 Nov\u00e1k: V\u00e1noce 2023 (Pardubice)"},"content":{"rendered":"<p>Program ve v\u00e1no\u010dn\u011b vyzdoben\u00e9 Sukov\u011b s\u00edni Domu hudby v Pardubic\u00edch navazuje na komponovan\u00e9 po\u0159ady vys\u00edlan\u00e9 v dob\u011b lockdownu z rodov\u00e9ho s\u00eddla Kinsk\u00fdch, kter\u00e9 na soci\u00e1ln\u00edch s\u00edt\u00edch sledovaly desetitis\u00edce div\u00e1k\u016f. Potomek jednoho z nejstar\u0161\u00edch \u0161lechtick\u00fdch rod\u016f Franti\u0161ek Kinsk\u00fd (pr\u016fvodce div\u00e1cky obl\u00edben\u00e9ho seri\u00e1lu \u010cesk\u00e9 televize Modr\u00e1 krev) v n\u011bm vypr\u00e1v\u00ed o duchovn\u00ed podstat\u011b V\u00e1noc i o tradic\u00edch a zvyc\u00edch, kter\u00e9 jsou s v\u00fdznamn\u00fdmi k\u0159es\u0165ansk\u00fdmi sv\u00e1tky spojeny.<\/p>\n\n\n\n<p>V\u00fdjime\u010dn\u011b talentovan\u00fd klav\u00edrista Maty\u00e1\u0161 Nov\u00e1k, v\u00edt\u011bz mnoha dom\u00e1c\u00edch i sv\u011btov\u00fdch sout\u011b\u017e\u00ed, kter\u00fd ve sv\u00fdch 19ti letech debutoval v proslul\u00e9 Carnegie Hall v New Yorku, v programu provede vlastn\u00ed v\u00e1no\u010dn\u00ed fantazie: Letem v\u00e1no\u010dn\u00edm sv\u011btem, Vzpom\u00ednka na Jakuba Jana Rybu, V\u00e1noce v \u010cech\u00e1ch, Tich\u00e1 noc v hled\u00e1\u010dku \u010dasu. V z\u00e1v\u011bru si poslucha\u010di s klav\u00edristou zazp\u00edvaj\u00ed tradi\u010dn\u00ed \u010desk\u00e9 v\u00e1no\u010dn\u00ed koledy.<br>Po skon\u010den\u00ed programu prob\u011bhne v p\u0159\u00eds\u00e1l\u00ed setk\u00e1n\u00ed a autogrami\u00e1da s Franti\u0161kem Kinsk\u00fdm a Maty\u00e1\u0161em Nov\u00e1kem. Poslucha\u010di si budou moci zakoupit CD a knihy (A. \u010cin\u010derov\u00e1, B. Jaro\u0161ov\u00e1 Kinsk\u00e1 \u2013 Modr\u00e1 krev, P. Ju\u0159\u00edk \u2013 Kin\u0161t\u00ed).<\/p>\n\n\n\n<p><strong>\u00da\u010dinkuj\u00ed:<\/strong><br>Franti\u0161ek Kinsk\u00fd \u2013 mluven\u00e9 slovo,<br>Maty\u00e1\u0161 Nov\u00e1k \u2013 klav\u00edr.<\/p>\n\n\n\n<p>Program se kon\u00e1 s p\u0159est\u00e1vkou.<br>Zm\u011bna programu vyhrazena<\/p>\n\n\n\n<p><strong>Info pro ZTP\/P:<\/strong><br>Osoby ZTP\/P dle platn\u00e9ho cen\u00edku, doprovod jedn\u00e9 osoby zdarma, pro voz\u00ed\u010dk\u00e1\u0159e m\u00edsta vyhrazena, bezbari\u00e9rov\u00fd p\u0159\u00edstup zaji\u0161t\u011bn.<\/p>\n\n\n\n<p><strong>Rezervace vstupenek ZTP\/P:<\/strong><br>+420 224 091 439, rezervace@ticketportal.cz<\/p>\n\n\n\n<p>Vstupenky m\u016f\u017eete zakoupit t\u00e9\u017e on-line, zaplatit na Internetu a ihned vytisknout v pohodl\u00ed sv\u00e9ho domova \u2013 HomeTicket.<\/p>","protected":false},"excerpt":{"rendered":"<p>Program ve v\u00e1no\u010dn\u011b vyzdoben\u00e9 Sukov\u011b s\u00edni Domu hudby v Pardubic\u00edch navazuje na komponovan\u00e9 po\u0159ady vys\u00edlan\u00e9 v dob\u011b lockdownu z rodov\u00e9ho s\u00eddla Kinsk\u00fdch, kter\u00e9 na soci\u00e1ln\u00edch s\u00edt\u00edch sledovaly desetitis\u00edce div\u00e1k\u016f. Potomek jednoho z nejstar\u0161\u00edch \u0161lechtick\u00fdch rod\u016f Franti\u0161ek Kinsk\u00fd (pr\u016fvodce div\u00e1cky obl\u00edben\u00e9ho seri\u00e1lu \u010cesk\u00e9 televize Modr\u00e1 krev) v n\u011bm vypr\u00e1v\u00ed o duchovn\u00ed podstat\u011b V\u00e1noc i o tradic\u00edch [&hellip;]<\/p>\n","protected":false},"author":2,"featured_media":0,"comment_status":"closed","ping_status":"open","sticky":false,"template":"","format":"standard","meta":{"_acf_changed":false,"footnotes":""},"categories":[120],"tags":[],"class_list":["post-6719","post","type-post","status-publish","format-standard","hentry","category-koncerty"],"acf":[],"yoast_head":"<!-- This site is optimized with the Yoast SEO plugin v27.4 - https:\/\/yoast.com\/product\/yoast-seo-wordpress\/ -->\n<title>Franti\u0161ek Kinsk\u00fd a Maty\u00e1\u0161 Nov\u00e1k: V\u00e1noce 2023 (Pardubice) ~ Maty\u00e1\u0161 Nov\u00e1k<\/title>\n<meta name=\"robots\" content=\"index, follow, max-snippet:-1, max-image-preview:large, max-video-preview:-1\" \/>\n<link rel=\"canonical\" href=\"https:\/\/www.matyasnovak.eu\/en\/koncerty\/frantisek-kinsky-a-matyas-novak-vanoce-2023-pardubice\/\" \/>\n<meta property=\"og:locale\" content=\"en_GB\" \/>\n<meta property=\"og:type\" content=\"article\" \/>\n<meta property=\"og:title\" content=\"Franti\u0161ek Kinsk\u00fd a Maty\u00e1\u0161 Nov\u00e1k: V\u00e1noce 2023 (Pardubice) ~ Maty\u00e1\u0161 Nov\u00e1k\" \/>\n<meta property=\"og:description\" content=\"Program ve v\u00e1no\u010dn\u011b vyzdoben\u00e9 Sukov\u011b s\u00edni Domu hudby v Pardubic\u00edch navazuje na komponovan\u00e9 po\u0159ady vys\u00edlan\u00e9 v dob\u011b lockdownu z rodov\u00e9ho s\u00eddla Kinsk\u00fdch, kter\u00e9 na soci\u00e1ln\u00edch s\u00edt\u00edch sledovaly desetitis\u00edce div\u00e1k\u016f. Potomek jednoho z nejstar\u0161\u00edch \u0161lechtick\u00fdch rod\u016f Franti\u0161ek Kinsk\u00fd (pr\u016fvodce div\u00e1cky obl\u00edben\u00e9ho seri\u00e1lu \u010cesk\u00e9 televize Modr\u00e1 krev) v n\u011bm vypr\u00e1v\u00ed o duchovn\u00ed podstat\u011b V\u00e1noc i o tradic\u00edch [&hellip;]\" \/>\n<meta property=\"og:url\" content=\"https:\/\/www.matyasnovak.eu\/en\/koncerty\/frantisek-kinsky-a-matyas-novak-vanoce-2023-pardubice\/\" \/>\n<meta property=\"og:site_name\" content=\"Maty\u00e1\u0161 Nov\u00e1k\" \/>\n<meta property=\"article:publisher\" content=\"https:\/\/www.facebook.com\/matyasnovakpianist\/\" \/>\n<meta property=\"article:author\" content=\"https:\/\/www.facebook.com\/matyasnovakpianist\/\" \/>\n<meta property=\"article:published_time\" content=\"2023-11-20T10:10:16+00:00\" \/>\n<meta property=\"article:modified_time\" content=\"2023-11-20T10:10:17+00:00\" \/>\n<meta name=\"author\" content=\"Maty\u00e1\u0161 Nov\u00e1k\" \/>\n<meta name=\"twitter:card\" content=\"summary_large_image\" \/>\n<meta name=\"twitter:label1\" content=\"Written by\" \/>\n\t<meta name=\"twitter:data1\" content=\"Maty\u00e1\u0161 Nov\u00e1k\" \/>\n\t<meta name=\"twitter:label2\" content=\"Estimated reading time\" \/>\n\t<meta name=\"twitter:data2\" content=\"2 minutes\" \/>\n<script type=\"application\/ld+json\" class=\"yoast-schema-graph\">{\"@context\":\"https:\\\/\\\/schema.org\",\"@graph\":[{\"@type\":\"Article\",\"@id\":\"https:\\\/\\\/www.matyasnovak.eu\\\/koncerty\\\/frantisek-kinsky-a-matyas-novak-vanoce-2023-pardubice\\\/#article\",\"isPartOf\":{\"@id\":\"https:\\\/\\\/www.matyasnovak.eu\\\/koncerty\\\/frantisek-kinsky-a-matyas-novak-vanoce-2023-pardubice\\\/\"},\"author\":{\"name\":\"Maty\u00e1\u0161 Nov\u00e1k\",\"@id\":\"https:\\\/\\\/novakweb2.eu\\\/#\\\/schema\\\/person\\\/3fd5dc2f65072c5a94a64eb54623e857\"},\"headline\":\"Franti\u0161ek Kinsk\u00fd a Maty\u00e1\u0161 Nov\u00e1k: V\u00e1noce 2023 (Pardubice)\",\"datePublished\":\"2023-11-20T10:10:16+00:00\",\"dateModified\":\"2023-11-20T10:10:17+00:00\",\"mainEntityOfPage\":{\"@id\":\"https:\\\/\\\/www.matyasnovak.eu\\\/koncerty\\\/frantisek-kinsky-a-matyas-novak-vanoce-2023-pardubice\\\/\"},\"wordCount\":319,\"publisher\":{\"@id\":\"https:\\\/\\\/novakweb2.eu\\\/#\\\/schema\\\/person\\\/3fd5dc2f65072c5a94a64eb54623e857\"},\"articleSection\":[\"Koncerty\"],\"inLanguage\":\"en-GB\"},{\"@type\":\"WebPage\",\"@id\":\"https:\\\/\\\/www.matyasnovak.eu\\\/koncerty\\\/frantisek-kinsky-a-matyas-novak-vanoce-2023-pardubice\\\/\",\"url\":\"https:\\\/\\\/www.matyasnovak.eu\\\/koncerty\\\/frantisek-kinsky-a-matyas-novak-vanoce-2023-pardubice\\\/\",\"name\":\"Franti\u0161ek Kinsk\u00fd a Maty\u00e1\u0161 Nov\u00e1k: V\u00e1noce 2023 (Pardubice) ~ Maty\u00e1\u0161 Nov\u00e1k\",\"isPartOf\":{\"@id\":\"https:\\\/\\\/novakweb2.eu\\\/#website\"},\"datePublished\":\"2023-11-20T10:10:16+00:00\",\"dateModified\":\"2023-11-20T10:10:17+00:00\",\"breadcrumb\":{\"@id\":\"https:\\\/\\\/www.matyasnovak.eu\\\/koncerty\\\/frantisek-kinsky-a-matyas-novak-vanoce-2023-pardubice\\\/#breadcrumb\"},\"inLanguage\":\"en-GB\",\"potentialAction\":[{\"@type\":\"ReadAction\",\"target\":[\"https:\\\/\\\/www.matyasnovak.eu\\\/koncerty\\\/frantisek-kinsky-a-matyas-novak-vanoce-2023-pardubice\\\/\"]}]},{\"@type\":\"BreadcrumbList\",\"@id\":\"https:\\\/\\\/www.matyasnovak.eu\\\/koncerty\\\/frantisek-kinsky-a-matyas-novak-vanoce-2023-pardubice\\\/#breadcrumb\",\"itemListElement\":[{\"@type\":\"ListItem\",\"position\":1,\"name\":\"Dom\u016f\",\"item\":\"https:\\\/\\\/www.matyasnovak.eu\\\/\"},{\"@type\":\"ListItem\",\"position\":2,\"name\":\"Franti\u0161ek Kinsk\u00fd a Maty\u00e1\u0161 Nov\u00e1k: V\u00e1noce 2023 (Pardubice)\"}]},{\"@type\":\"WebSite\",\"@id\":\"https:\\\/\\\/novakweb2.eu\\\/#website\",\"url\":\"https:\\\/\\\/novakweb2.eu\\\/\",\"name\":\"Maty\u00e1\u0161 Nov\u00e1k\",\"description\":\"\",\"publisher\":{\"@id\":\"https:\\\/\\\/novakweb2.eu\\\/#\\\/schema\\\/person\\\/3fd5dc2f65072c5a94a64eb54623e857\"},\"potentialAction\":[{\"@type\":\"SearchAction\",\"target\":{\"@type\":\"EntryPoint\",\"urlTemplate\":\"https:\\\/\\\/novakweb2.eu\\\/?s={search_term_string}\"},\"query-input\":{\"@type\":\"PropertyValueSpecification\",\"valueRequired\":true,\"valueName\":\"search_term_string\"}}],\"inLanguage\":\"en-GB\"},{\"@type\":[\"Person\",\"Organization\"],\"@id\":\"https:\\\/\\\/novakweb2.eu\\\/#\\\/schema\\\/person\\\/3fd5dc2f65072c5a94a64eb54623e857\",\"name\":\"Maty\u00e1\u0161 Nov\u00e1k\",\"image\":{\"@type\":\"ImageObject\",\"inLanguage\":\"en-GB\",\"@id\":\"https:\\\/\\\/www.matyasnovak.eu\\\/wp-content\\\/uploads\\\/2023\\\/07\\\/foto-lenka-hatasova7233-scaled-1.webp\",\"url\":\"https:\\\/\\\/www.matyasnovak.eu\\\/wp-content\\\/uploads\\\/2023\\\/07\\\/foto-lenka-hatasova7233-scaled-1.webp\",\"contentUrl\":\"https:\\\/\\\/www.matyasnovak.eu\\\/wp-content\\\/uploads\\\/2023\\\/07\\\/foto-lenka-hatasova7233-scaled-1.webp\",\"width\":1792,\"height\":1194,\"caption\":\"Maty\u00e1\u0161 Nov\u00e1k\"},\"logo\":{\"@id\":\"https:\\\/\\\/www.matyasnovak.eu\\\/wp-content\\\/uploads\\\/2023\\\/07\\\/foto-lenka-hatasova7233-scaled-1.webp\"},\"sameAs\":[\"https:\\\/\\\/www.matyasnovak.eu\\\/\",\"https:\\\/\\\/www.facebook.com\\\/matyasnovakpianist\\\/\",\"https:\\\/\\\/www.youtube.com\\\/@matyasnovakpianist1921\"],\"url\":\"https:\\\/\\\/www.matyasnovak.eu\\\/en\\\/author\\\/novak\\\/\"}]}<\/script>\n<!-- \/ Yoast SEO plugin. -->","yoast_head_json":{"title":"Franti\u0161ek Kinsk\u00fd a Maty\u00e1\u0161 Nov\u00e1k: V\u00e1noce 2023 (Pardubice) ~ Maty\u00e1\u0161 Nov\u00e1k","robots":{"index":"index","follow":"follow","max-snippet":"max-snippet:-1","max-image-preview":"max-image-preview:large","max-video-preview":"max-video-preview:-1"},"canonical":"https:\/\/www.matyasnovak.eu\/en\/koncerty\/frantisek-kinsky-a-matyas-novak-vanoce-2023-pardubice\/","og_locale":"en_GB","og_type":"article","og_title":"Franti\u0161ek Kinsk\u00fd a Maty\u00e1\u0161 Nov\u00e1k: V\u00e1noce 2023 (Pardubice) ~ Maty\u00e1\u0161 Nov\u00e1k","og_description":"Program ve v\u00e1no\u010dn\u011b vyzdoben\u00e9 Sukov\u011b s\u00edni Domu hudby v Pardubic\u00edch navazuje na komponovan\u00e9 po\u0159ady vys\u00edlan\u00e9 v dob\u011b lockdownu z rodov\u00e9ho s\u00eddla Kinsk\u00fdch, kter\u00e9 na soci\u00e1ln\u00edch s\u00edt\u00edch sledovaly desetitis\u00edce div\u00e1k\u016f. Potomek jednoho z nejstar\u0161\u00edch \u0161lechtick\u00fdch rod\u016f Franti\u0161ek Kinsk\u00fd (pr\u016fvodce div\u00e1cky obl\u00edben\u00e9ho seri\u00e1lu \u010cesk\u00e9 televize Modr\u00e1 krev) v n\u011bm vypr\u00e1v\u00ed o duchovn\u00ed podstat\u011b V\u00e1noc i o tradic\u00edch [&hellip;]","og_url":"https:\/\/www.matyasnovak.eu\/en\/koncerty\/frantisek-kinsky-a-matyas-novak-vanoce-2023-pardubice\/","og_site_name":"Maty\u00e1\u0161 Nov\u00e1k","article_publisher":"https:\/\/www.facebook.com\/matyasnovakpianist\/","article_author":"https:\/\/www.facebook.com\/matyasnovakpianist\/","article_published_time":"2023-11-20T10:10:16+00:00","article_modified_time":"2023-11-20T10:10:17+00:00","author":"Maty\u00e1\u0161 Nov\u00e1k","twitter_card":"summary_large_image","twitter_misc":{"Written by":"Maty\u00e1\u0161 Nov\u00e1k","Estimated reading time":"2 minutes"},"schema":{"@context":"https:\/\/schema.org","@graph":[{"@type":"Article","@id":"https:\/\/www.matyasnovak.eu\/koncerty\/frantisek-kinsky-a-matyas-novak-vanoce-2023-pardubice\/#article","isPartOf":{"@id":"https:\/\/www.matyasnovak.eu\/koncerty\/frantisek-kinsky-a-matyas-novak-vanoce-2023-pardubice\/"},"author":{"name":"Maty\u00e1\u0161 Nov\u00e1k","@id":"https:\/\/novakweb2.eu\/#\/schema\/person\/3fd5dc2f65072c5a94a64eb54623e857"},"headline":"Franti\u0161ek Kinsk\u00fd a Maty\u00e1\u0161 Nov\u00e1k: V\u00e1noce 2023 (Pardubice)","datePublished":"2023-11-20T10:10:16+00:00","dateModified":"2023-11-20T10:10:17+00:00","mainEntityOfPage":{"@id":"https:\/\/www.matyasnovak.eu\/koncerty\/frantisek-kinsky-a-matyas-novak-vanoce-2023-pardubice\/"},"wordCount":319,"publisher":{"@id":"https:\/\/novakweb2.eu\/#\/schema\/person\/3fd5dc2f65072c5a94a64eb54623e857"},"articleSection":["Koncerty"],"inLanguage":"en-GB"},{"@type":"WebPage","@id":"https:\/\/www.matyasnovak.eu\/koncerty\/frantisek-kinsky-a-matyas-novak-vanoce-2023-pardubice\/","url":"https:\/\/www.matyasnovak.eu\/koncerty\/frantisek-kinsky-a-matyas-novak-vanoce-2023-pardubice\/","name":"Franti\u0161ek Kinsk\u00fd a Maty\u00e1\u0161 Nov\u00e1k: V\u00e1noce 2023 (Pardubice) ~ Maty\u00e1\u0161 Nov\u00e1k","isPartOf":{"@id":"https:\/\/novakweb2.eu\/#website"},"datePublished":"2023-11-20T10:10:16+00:00","dateModified":"2023-11-20T10:10:17+00:00","breadcrumb":{"@id":"https:\/\/www.matyasnovak.eu\/koncerty\/frantisek-kinsky-a-matyas-novak-vanoce-2023-pardubice\/#breadcrumb"},"inLanguage":"en-GB","potentialAction":[{"@type":"ReadAction","target":["https:\/\/www.matyasnovak.eu\/koncerty\/frantisek-kinsky-a-matyas-novak-vanoce-2023-pardubice\/"]}]},{"@type":"BreadcrumbList","@id":"https:\/\/www.matyasnovak.eu\/koncerty\/frantisek-kinsky-a-matyas-novak-vanoce-2023-pardubice\/#breadcrumb","itemListElement":[{"@type":"ListItem","position":1,"name":"Dom\u016f","item":"https:\/\/www.matyasnovak.eu\/"},{"@type":"ListItem","position":2,"name":"Franti\u0161ek Kinsk\u00fd a Maty\u00e1\u0161 Nov\u00e1k: V\u00e1noce 2023 (Pardubice)"}]},{"@type":"WebSite","@id":"https:\/\/novakweb2.eu\/#website","url":"https:\/\/novakweb2.eu\/","name":"Maty\u00e1\u0161 Nov\u00e1k","description":"","publisher":{"@id":"https:\/\/novakweb2.eu\/#\/schema\/person\/3fd5dc2f65072c5a94a64eb54623e857"},"potentialAction":[{"@type":"SearchAction","target":{"@type":"EntryPoint","urlTemplate":"https:\/\/novakweb2.eu\/?s={search_term_string}"},"query-input":{"@type":"PropertyValueSpecification","valueRequired":true,"valueName":"search_term_string"}}],"inLanguage":"en-GB"},{"@type":["Person","Organization"],"@id":"https:\/\/novakweb2.eu\/#\/schema\/person\/3fd5dc2f65072c5a94a64eb54623e857","name":"Maty\u00e1\u0161 Nov\u00e1k","image":{"@type":"ImageObject","inLanguage":"en-GB","@id":"https:\/\/www.matyasnovak.eu\/wp-content\/uploads\/2023\/07\/foto-lenka-hatasova7233-scaled-1.webp","url":"https:\/\/www.matyasnovak.eu\/wp-content\/uploads\/2023\/07\/foto-lenka-hatasova7233-scaled-1.webp","contentUrl":"https:\/\/www.matyasnovak.eu\/wp-content\/uploads\/2023\/07\/foto-lenka-hatasova7233-scaled-1.webp","width":1792,"height":1194,"caption":"Maty\u00e1\u0161 Nov\u00e1k"},"logo":{"@id":"https:\/\/www.matyasnovak.eu\/wp-content\/uploads\/2023\/07\/foto-lenka-hatasova7233-scaled-1.webp"},"sameAs":["https:\/\/www.matyasnovak.eu\/","https:\/\/www.facebook.com\/matyasnovakpianist\/","https:\/\/www.youtube.com\/@matyasnovakpianist1921"],"url":"https:\/\/www.matyasnovak.eu\/en\/author\/novak\/"}]}},"_links":{"self":[{"href":"https:\/\/www.matyasnovak.eu\/en\/wp-json\/wp\/v2\/posts\/6719","targetHints":{"allow":["GET"]}}],"collection":[{"href":"https:\/\/www.matyasnovak.eu\/en\/wp-json\/wp\/v2\/posts"}],"about":[{"href":"https:\/\/www.matyasnovak.eu\/en\/wp-json\/wp\/v2\/types\/post"}],"author":[{"embeddable":true,"href":"https:\/\/www.matyasnovak.eu\/en\/wp-json\/wp\/v2\/users\/2"}],"replies":[{"embeddable":true,"href":"https:\/\/www.matyasnovak.eu\/en\/wp-json\/wp\/v2\/comments?post=6719"}],"version-history":[{"count":2,"href":"https:\/\/www.matyasnovak.eu\/en\/wp-json\/wp\/v2\/posts\/6719\/revisions"}],"predecessor-version":[{"id":6731,"href":"https:\/\/www.matyasnovak.eu\/en\/wp-json\/wp\/v2\/posts\/6719\/revisions\/6731"}],"wp:attachment":[{"href":"https:\/\/www.matyasnovak.eu\/en\/wp-json\/wp\/v2\/media?parent=6719"}],"wp:term":[{"taxonomy":"category","embeddable":true,"href":"https:\/\/www.matyasnovak.eu\/en\/wp-json\/wp\/v2\/categories?post=6719"},{"taxonomy":"post_tag","embeddable":true,"href":"https:\/\/www.matyasnovak.eu\/en\/wp-json\/wp\/v2\/tags?post=6719"}],"curies":[{"name":"wp","href":"https:\/\/api.w.org\/{rel}","templated":true}]}}