{"id":6341,"date":"2023-10-18T13:13:18","date_gmt":"2023-10-18T11:13:18","guid":{"rendered":"https:\/\/www.matyasnovak.eu\/?p=6341"},"modified":"2023-10-18T13:13:20","modified_gmt":"2023-10-18T11:13:20","slug":"matyas-novak-klavirni-recital-nove-straseci","status":"publish","type":"post","link":"https:\/\/www.matyasnovak.eu\/en\/koncerty\/matyas-novak-klavirni-recital-nove-straseci\/","title":{"rendered":"Maty\u00e1\u0161 Nov\u00e1k: Klav\u00edrn\u00ed recit\u00e1l \/\u00a0Nov\u00e9 Stra\u0161ec\u00ed\u00a0"},"content":{"rendered":"<ul class=\"wp-block-list\">\n<li>B. Smetana: \u010cesk\u00e9 tance (v\u00fdb\u011br)<\/li>\n\n\n\n<li>J. Suk: \u0160est klav\u00edrn\u00edch kus\u016f op. 7 (v\u00fdb\u011br)<\/li>\n\n\n\n<li>A. Dvo\u0159\u00e1k \/ M. Nov\u00e1k: Fantazie na operu Rusalka<\/li>\n<\/ul>\n\n\n\n<p><em>p\u0159est\u00e1vka<\/em><\/p>\n\n\n\n<ul class=\"wp-block-list\">\n<li>M. Nov\u00e1k: Vzpom\u00ednka na Jakuba Jana Rybu<\/li>\n\n\n\n<li>M. Nov\u00e1k: V\u00e1noce v \u010cech\u00e1ch<\/li>\n\n\n\n<li>M. Nov\u00e1k: Tich\u00e1 noc v hled\u00e1\u010dku \u010dasu<\/li>\n<\/ul>","protected":false},"excerpt":{"rendered":"<p>p\u0159est\u00e1vka<\/p>","protected":false},"author":2,"featured_media":3022,"comment_status":"closed","ping_status":"open","sticky":false,"template":"","format":"standard","meta":{"_acf_changed":false,"footnotes":""},"categories":[120],"tags":[],"class_list":["post-6341","post","type-post","status-publish","format-standard","has-post-thumbnail","hentry","category-koncerty"],"acf":[],"yoast_head":"<!-- This site is optimized with the Yoast SEO plugin v27.5 - https:\/\/yoast.com\/product\/yoast-seo-wordpress\/ -->\n<title>Maty\u00e1\u0161 Nov\u00e1k: Klav\u00edrn\u00ed recit\u00e1l \/\u00a0Nov\u00e9 Stra\u0161ec\u00ed\u00a0 ~ Maty\u00e1\u0161 Nov\u00e1k<\/title>\n<meta name=\"robots\" content=\"index, follow, max-snippet:-1, max-image-preview:large, max-video-preview:-1\" \/>\n<link rel=\"canonical\" href=\"https:\/\/www.matyasnovak.eu\/en\/koncerty\/matyas-novak-klavirni-recital-nove-straseci\/\" \/>\n<meta property=\"og:locale\" content=\"en_GB\" \/>\n<meta property=\"og:type\" content=\"article\" \/>\n<meta property=\"og:title\" content=\"Maty\u00e1\u0161 Nov\u00e1k: Klav\u00edrn\u00ed recit\u00e1l \/\u00a0Nov\u00e9 Stra\u0161ec\u00ed\u00a0 ~ Maty\u00e1\u0161 Nov\u00e1k\" \/>\n<meta property=\"og:description\" content=\"p\u0159est\u00e1vka\" \/>\n<meta property=\"og:url\" content=\"https:\/\/www.matyasnovak.eu\/en\/koncerty\/matyas-novak-klavirni-recital-nove-straseci\/\" \/>\n<meta property=\"og:site_name\" content=\"Maty\u00e1\u0161 Nov\u00e1k\" \/>\n<meta property=\"article:publisher\" content=\"https:\/\/www.facebook.com\/matyasnovakpianist\/\" \/>\n<meta property=\"article:author\" content=\"https:\/\/www.facebook.com\/matyasnovakpianist\/\" \/>\n<meta property=\"article:published_time\" content=\"2023-10-18T11:13:18+00:00\" \/>\n<meta property=\"article:modified_time\" content=\"2023-10-18T11:13:20+00:00\" \/>\n<meta property=\"og:image\" content=\"https:\/\/www.matyasnovak.eu\/wp-content\/uploads\/2023\/04\/foto-lenka-hatasova7420-scaled.jpg\" \/>\n\t<meta property=\"og:image:width\" content=\"2123\" \/>\n\t<meta property=\"og:image:height\" content=\"2560\" \/>\n\t<meta property=\"og:image:type\" content=\"image\/jpeg\" \/>\n<meta name=\"author\" content=\"Maty\u00e1\u0161 Nov\u00e1k\" \/>\n<meta name=\"twitter:card\" content=\"summary_large_image\" \/>\n<meta name=\"twitter:label1\" content=\"Written by\" \/>\n\t<meta name=\"twitter:data1\" content=\"Maty\u00e1\u0161 Nov\u00e1k\" \/>\n\t<meta name=\"twitter:label2\" content=\"Estimated reading time\" \/>\n\t<meta name=\"twitter:data2\" content=\"1 minute\" \/>\n<script type=\"application\/ld+json\" class=\"yoast-schema-graph\">{\"@context\":\"https:\\\/\\\/schema.org\",\"@graph\":[{\"@type\":\"Article\",\"@id\":\"https:\\\/\\\/www.matyasnovak.eu\\\/koncerty\\\/matyas-novak-klavirni-recital-nove-straseci\\\/#article\",\"isPartOf\":{\"@id\":\"https:\\\/\\\/www.matyasnovak.eu\\\/koncerty\\\/matyas-novak-klavirni-recital-nove-straseci\\\/\"},\"author\":{\"name\":\"Maty\u00e1\u0161 Nov\u00e1k\",\"@id\":\"https:\\\/\\\/novakweb2.eu\\\/#\\\/schema\\\/person\\\/3fd5dc2f65072c5a94a64eb54623e857\"},\"headline\":\"Maty\u00e1\u0161 Nov\u00e1k: Klav\u00edrn\u00ed recit\u00e1l \\\/\u00a0Nov\u00e9 Stra\u0161ec\u00ed\u00a0\",\"datePublished\":\"2023-10-18T11:13:18+00:00\",\"dateModified\":\"2023-10-18T11:13:20+00:00\",\"mainEntityOfPage\":{\"@id\":\"https:\\\/\\\/www.matyasnovak.eu\\\/koncerty\\\/matyas-novak-klavirni-recital-nove-straseci\\\/\"},\"wordCount\":67,\"publisher\":{\"@id\":\"https:\\\/\\\/novakweb2.eu\\\/#\\\/schema\\\/person\\\/3fd5dc2f65072c5a94a64eb54623e857\"},\"image\":{\"@id\":\"https:\\\/\\\/www.matyasnovak.eu\\\/koncerty\\\/matyas-novak-klavirni-recital-nove-straseci\\\/#primaryimage\"},\"thumbnailUrl\":\"https:\\\/\\\/www.matyasnovak.eu\\\/wp-content\\\/uploads\\\/2023\\\/04\\\/foto-lenka-hatasova7420-scaled.jpg\",\"articleSection\":[\"Koncerty\"],\"inLanguage\":\"en-GB\"},{\"@type\":\"WebPage\",\"@id\":\"https:\\\/\\\/www.matyasnovak.eu\\\/koncerty\\\/matyas-novak-klavirni-recital-nove-straseci\\\/\",\"url\":\"https:\\\/\\\/www.matyasnovak.eu\\\/koncerty\\\/matyas-novak-klavirni-recital-nove-straseci\\\/\",\"name\":\"Maty\u00e1\u0161 Nov\u00e1k: Klav\u00edrn\u00ed recit\u00e1l \\\/\u00a0Nov\u00e9 Stra\u0161ec\u00ed\u00a0 ~ Maty\u00e1\u0161 Nov\u00e1k\",\"isPartOf\":{\"@id\":\"https:\\\/\\\/novakweb2.eu\\\/#website\"},\"primaryImageOfPage\":{\"@id\":\"https:\\\/\\\/www.matyasnovak.eu\\\/koncerty\\\/matyas-novak-klavirni-recital-nove-straseci\\\/#primaryimage\"},\"image\":{\"@id\":\"https:\\\/\\\/www.matyasnovak.eu\\\/koncerty\\\/matyas-novak-klavirni-recital-nove-straseci\\\/#primaryimage\"},\"thumbnailUrl\":\"https:\\\/\\\/www.matyasnovak.eu\\\/wp-content\\\/uploads\\\/2023\\\/04\\\/foto-lenka-hatasova7420-scaled.jpg\",\"datePublished\":\"2023-10-18T11:13:18+00:00\",\"dateModified\":\"2023-10-18T11:13:20+00:00\",\"breadcrumb\":{\"@id\":\"https:\\\/\\\/www.matyasnovak.eu\\\/koncerty\\\/matyas-novak-klavirni-recital-nove-straseci\\\/#breadcrumb\"},\"inLanguage\":\"en-GB\",\"potentialAction\":[{\"@type\":\"ReadAction\",\"target\":[\"https:\\\/\\\/www.matyasnovak.eu\\\/koncerty\\\/matyas-novak-klavirni-recital-nove-straseci\\\/\"]}]},{\"@type\":\"ImageObject\",\"inLanguage\":\"en-GB\",\"@id\":\"https:\\\/\\\/www.matyasnovak.eu\\\/koncerty\\\/matyas-novak-klavirni-recital-nove-straseci\\\/#primaryimage\",\"url\":\"https:\\\/\\\/www.matyasnovak.eu\\\/wp-content\\\/uploads\\\/2023\\\/04\\\/foto-lenka-hatasova7420-scaled.jpg\",\"contentUrl\":\"https:\\\/\\\/www.matyasnovak.eu\\\/wp-content\\\/uploads\\\/2023\\\/04\\\/foto-lenka-hatasova7420-scaled.jpg\",\"width\":2123,\"height\":2560,\"caption\":\"mn-galerie Maty\u00e1\u0161 Nov\u00e1k\"},{\"@type\":\"BreadcrumbList\",\"@id\":\"https:\\\/\\\/www.matyasnovak.eu\\\/koncerty\\\/matyas-novak-klavirni-recital-nove-straseci\\\/#breadcrumb\",\"itemListElement\":[{\"@type\":\"ListItem\",\"position\":1,\"name\":\"Dom\u016f\",\"item\":\"https:\\\/\\\/www.matyasnovak.eu\\\/\"},{\"@type\":\"ListItem\",\"position\":2,\"name\":\"Maty\u00e1\u0161 Nov\u00e1k: Klav\u00edrn\u00ed recit\u00e1l \\\/\u00a0Nov\u00e9 Stra\u0161ec\u00ed\u00a0\"}]},{\"@type\":\"WebSite\",\"@id\":\"https:\\\/\\\/novakweb2.eu\\\/#website\",\"url\":\"https:\\\/\\\/novakweb2.eu\\\/\",\"name\":\"Maty\u00e1\u0161 Nov\u00e1k\",\"description\":\"\",\"publisher\":{\"@id\":\"https:\\\/\\\/novakweb2.eu\\\/#\\\/schema\\\/person\\\/3fd5dc2f65072c5a94a64eb54623e857\"},\"potentialAction\":[{\"@type\":\"SearchAction\",\"target\":{\"@type\":\"EntryPoint\",\"urlTemplate\":\"https:\\\/\\\/novakweb2.eu\\\/?s={search_term_string}\"},\"query-input\":{\"@type\":\"PropertyValueSpecification\",\"valueRequired\":true,\"valueName\":\"search_term_string\"}}],\"inLanguage\":\"en-GB\"},{\"@type\":[\"Person\",\"Organization\"],\"@id\":\"https:\\\/\\\/novakweb2.eu\\\/#\\\/schema\\\/person\\\/3fd5dc2f65072c5a94a64eb54623e857\",\"name\":\"Maty\u00e1\u0161 Nov\u00e1k\",\"image\":{\"@type\":\"ImageObject\",\"inLanguage\":\"en-GB\",\"@id\":\"https:\\\/\\\/www.matyasnovak.eu\\\/wp-content\\\/uploads\\\/2023\\\/07\\\/foto-lenka-hatasova7233-scaled-1.webp\",\"url\":\"https:\\\/\\\/www.matyasnovak.eu\\\/wp-content\\\/uploads\\\/2023\\\/07\\\/foto-lenka-hatasova7233-scaled-1.webp\",\"contentUrl\":\"https:\\\/\\\/www.matyasnovak.eu\\\/wp-content\\\/uploads\\\/2023\\\/07\\\/foto-lenka-hatasova7233-scaled-1.webp\",\"width\":1792,\"height\":1194,\"caption\":\"Maty\u00e1\u0161 Nov\u00e1k\"},\"logo\":{\"@id\":\"https:\\\/\\\/www.matyasnovak.eu\\\/wp-content\\\/uploads\\\/2023\\\/07\\\/foto-lenka-hatasova7233-scaled-1.webp\"},\"sameAs\":[\"https:\\\/\\\/www.matyasnovak.eu\\\/\",\"https:\\\/\\\/www.facebook.com\\\/matyasnovakpianist\\\/\",\"https:\\\/\\\/www.youtube.com\\\/@matyasnovakpianist1921\"],\"url\":\"https:\\\/\\\/www.matyasnovak.eu\\\/en\\\/author\\\/novak\\\/\"}]}<\/script>\n<!-- \/ Yoast SEO plugin. -->","yoast_head_json":{"title":"Maty\u00e1\u0161 Nov\u00e1k: Klav\u00edrn\u00ed recit\u00e1l \/\u00a0Nov\u00e9 Stra\u0161ec\u00ed\u00a0 ~ Maty\u00e1\u0161 Nov\u00e1k","robots":{"index":"index","follow":"follow","max-snippet":"max-snippet:-1","max-image-preview":"max-image-preview:large","max-video-preview":"max-video-preview:-1"},"canonical":"https:\/\/www.matyasnovak.eu\/en\/koncerty\/matyas-novak-klavirni-recital-nove-straseci\/","og_locale":"en_GB","og_type":"article","og_title":"Maty\u00e1\u0161 Nov\u00e1k: Klav\u00edrn\u00ed recit\u00e1l \/\u00a0Nov\u00e9 Stra\u0161ec\u00ed\u00a0 ~ Maty\u00e1\u0161 Nov\u00e1k","og_description":"p\u0159est\u00e1vka","og_url":"https:\/\/www.matyasnovak.eu\/en\/koncerty\/matyas-novak-klavirni-recital-nove-straseci\/","og_site_name":"Maty\u00e1\u0161 Nov\u00e1k","article_publisher":"https:\/\/www.facebook.com\/matyasnovakpianist\/","article_author":"https:\/\/www.facebook.com\/matyasnovakpianist\/","article_published_time":"2023-10-18T11:13:18+00:00","article_modified_time":"2023-10-18T11:13:20+00:00","og_image":[{"width":2123,"height":2560,"url":"https:\/\/www.matyasnovak.eu\/wp-content\/uploads\/2023\/04\/foto-lenka-hatasova7420-scaled.jpg","type":"image\/jpeg"}],"author":"Maty\u00e1\u0161 Nov\u00e1k","twitter_card":"summary_large_image","twitter_misc":{"Written by":"Maty\u00e1\u0161 Nov\u00e1k","Estimated reading time":"1 minute"},"schema":{"@context":"https:\/\/schema.org","@graph":[{"@type":"Article","@id":"https:\/\/www.matyasnovak.eu\/koncerty\/matyas-novak-klavirni-recital-nove-straseci\/#article","isPartOf":{"@id":"https:\/\/www.matyasnovak.eu\/koncerty\/matyas-novak-klavirni-recital-nove-straseci\/"},"author":{"name":"Maty\u00e1\u0161 Nov\u00e1k","@id":"https:\/\/novakweb2.eu\/#\/schema\/person\/3fd5dc2f65072c5a94a64eb54623e857"},"headline":"Maty\u00e1\u0161 Nov\u00e1k: Klav\u00edrn\u00ed recit\u00e1l \/\u00a0Nov\u00e9 Stra\u0161ec\u00ed\u00a0","datePublished":"2023-10-18T11:13:18+00:00","dateModified":"2023-10-18T11:13:20+00:00","mainEntityOfPage":{"@id":"https:\/\/www.matyasnovak.eu\/koncerty\/matyas-novak-klavirni-recital-nove-straseci\/"},"wordCount":67,"publisher":{"@id":"https:\/\/novakweb2.eu\/#\/schema\/person\/3fd5dc2f65072c5a94a64eb54623e857"},"image":{"@id":"https:\/\/www.matyasnovak.eu\/koncerty\/matyas-novak-klavirni-recital-nove-straseci\/#primaryimage"},"thumbnailUrl":"https:\/\/www.matyasnovak.eu\/wp-content\/uploads\/2023\/04\/foto-lenka-hatasova7420-scaled.jpg","articleSection":["Koncerty"],"inLanguage":"en-GB"},{"@type":"WebPage","@id":"https:\/\/www.matyasnovak.eu\/koncerty\/matyas-novak-klavirni-recital-nove-straseci\/","url":"https:\/\/www.matyasnovak.eu\/koncerty\/matyas-novak-klavirni-recital-nove-straseci\/","name":"Maty\u00e1\u0161 Nov\u00e1k: Klav\u00edrn\u00ed recit\u00e1l \/\u00a0Nov\u00e9 Stra\u0161ec\u00ed\u00a0 ~ Maty\u00e1\u0161 Nov\u00e1k","isPartOf":{"@id":"https:\/\/novakweb2.eu\/#website"},"primaryImageOfPage":{"@id":"https:\/\/www.matyasnovak.eu\/koncerty\/matyas-novak-klavirni-recital-nove-straseci\/#primaryimage"},"image":{"@id":"https:\/\/www.matyasnovak.eu\/koncerty\/matyas-novak-klavirni-recital-nove-straseci\/#primaryimage"},"thumbnailUrl":"https:\/\/www.matyasnovak.eu\/wp-content\/uploads\/2023\/04\/foto-lenka-hatasova7420-scaled.jpg","datePublished":"2023-10-18T11:13:18+00:00","dateModified":"2023-10-18T11:13:20+00:00","breadcrumb":{"@id":"https:\/\/www.matyasnovak.eu\/koncerty\/matyas-novak-klavirni-recital-nove-straseci\/#breadcrumb"},"inLanguage":"en-GB","potentialAction":[{"@type":"ReadAction","target":["https:\/\/www.matyasnovak.eu\/koncerty\/matyas-novak-klavirni-recital-nove-straseci\/"]}]},{"@type":"ImageObject","inLanguage":"en-GB","@id":"https:\/\/www.matyasnovak.eu\/koncerty\/matyas-novak-klavirni-recital-nove-straseci\/#primaryimage","url":"https:\/\/www.matyasnovak.eu\/wp-content\/uploads\/2023\/04\/foto-lenka-hatasova7420-scaled.jpg","contentUrl":"https:\/\/www.matyasnovak.eu\/wp-content\/uploads\/2023\/04\/foto-lenka-hatasova7420-scaled.jpg","width":2123,"height":2560,"caption":"mn-galerie Maty\u00e1\u0161 Nov\u00e1k"},{"@type":"BreadcrumbList","@id":"https:\/\/www.matyasnovak.eu\/koncerty\/matyas-novak-klavirni-recital-nove-straseci\/#breadcrumb","itemListElement":[{"@type":"ListItem","position":1,"name":"Dom\u016f","item":"https:\/\/www.matyasnovak.eu\/"},{"@type":"ListItem","position":2,"name":"Maty\u00e1\u0161 Nov\u00e1k: Klav\u00edrn\u00ed recit\u00e1l \/\u00a0Nov\u00e9 Stra\u0161ec\u00ed\u00a0"}]},{"@type":"WebSite","@id":"https:\/\/novakweb2.eu\/#website","url":"https:\/\/novakweb2.eu\/","name":"Maty\u00e1\u0161 Nov\u00e1k","description":"","publisher":{"@id":"https:\/\/novakweb2.eu\/#\/schema\/person\/3fd5dc2f65072c5a94a64eb54623e857"},"potentialAction":[{"@type":"SearchAction","target":{"@type":"EntryPoint","urlTemplate":"https:\/\/novakweb2.eu\/?s={search_term_string}"},"query-input":{"@type":"PropertyValueSpecification","valueRequired":true,"valueName":"search_term_string"}}],"inLanguage":"en-GB"},{"@type":["Person","Organization"],"@id":"https:\/\/novakweb2.eu\/#\/schema\/person\/3fd5dc2f65072c5a94a64eb54623e857","name":"Maty\u00e1\u0161 Nov\u00e1k","image":{"@type":"ImageObject","inLanguage":"en-GB","@id":"https:\/\/www.matyasnovak.eu\/wp-content\/uploads\/2023\/07\/foto-lenka-hatasova7233-scaled-1.webp","url":"https:\/\/www.matyasnovak.eu\/wp-content\/uploads\/2023\/07\/foto-lenka-hatasova7233-scaled-1.webp","contentUrl":"https:\/\/www.matyasnovak.eu\/wp-content\/uploads\/2023\/07\/foto-lenka-hatasova7233-scaled-1.webp","width":1792,"height":1194,"caption":"Maty\u00e1\u0161 Nov\u00e1k"},"logo":{"@id":"https:\/\/www.matyasnovak.eu\/wp-content\/uploads\/2023\/07\/foto-lenka-hatasova7233-scaled-1.webp"},"sameAs":["https:\/\/www.matyasnovak.eu\/","https:\/\/www.facebook.com\/matyasnovakpianist\/","https:\/\/www.youtube.com\/@matyasnovakpianist1921"],"url":"https:\/\/www.matyasnovak.eu\/en\/author\/novak\/"}]}},"_links":{"self":[{"href":"https:\/\/www.matyasnovak.eu\/en\/wp-json\/wp\/v2\/posts\/6341","targetHints":{"allow":["GET"]}}],"collection":[{"href":"https:\/\/www.matyasnovak.eu\/en\/wp-json\/wp\/v2\/posts"}],"about":[{"href":"https:\/\/www.matyasnovak.eu\/en\/wp-json\/wp\/v2\/types\/post"}],"author":[{"embeddable":true,"href":"https:\/\/www.matyasnovak.eu\/en\/wp-json\/wp\/v2\/users\/2"}],"replies":[{"embeddable":true,"href":"https:\/\/www.matyasnovak.eu\/en\/wp-json\/wp\/v2\/comments?post=6341"}],"version-history":[{"count":2,"href":"https:\/\/www.matyasnovak.eu\/en\/wp-json\/wp\/v2\/posts\/6341\/revisions"}],"predecessor-version":[{"id":6344,"href":"https:\/\/www.matyasnovak.eu\/en\/wp-json\/wp\/v2\/posts\/6341\/revisions\/6344"}],"wp:featuredmedia":[{"embeddable":true,"href":"https:\/\/www.matyasnovak.eu\/en\/wp-json\/wp\/v2\/media\/3022"}],"wp:attachment":[{"href":"https:\/\/www.matyasnovak.eu\/en\/wp-json\/wp\/v2\/media?parent=6341"}],"wp:term":[{"taxonomy":"category","embeddable":true,"href":"https:\/\/www.matyasnovak.eu\/en\/wp-json\/wp\/v2\/categories?post=6341"},{"taxonomy":"post_tag","embeddable":true,"href":"https:\/\/www.matyasnovak.eu\/en\/wp-json\/wp\/v2\/tags?post=6341"}],"curies":[{"name":"wp","href":"https:\/\/api.w.org\/{rel}","templated":true}]}}